{"id":952,"date":"2014-03-01T10:14:02","date_gmt":"2014-03-01T13:14:02","guid":{"rendered":"http:\/\/www.medialogue.com.br\/?p=952"},"modified":"2017-07-27T15:56:05","modified_gmt":"2017-07-27T18:56:05","slug":"medialogue-pesquisa-politico20-versao-2014","status":"publish","type":"post","link":"https:\/\/medialogue.com.br\/novosite\/2014\/03\/medialogue-pesquisa-politico20-versao-2014\/","title":{"rendered":"Medialogue lan\u00e7a pesquisa Pol\u00edtico 2.0 edi\u00e7\u00e3o 2014"},"content":{"rendered":"<p><a href=\"https:\/\/www.medialogue.com.br\/novosite\/wp-content\/uploads\/2015\/06\/Politico-20-2014-Medialogue.png\"><img loading=\"lazy\" decoding=\"async\" class=\"  wp-image-1169 alignnone\" src=\"https:\/\/www.medialogue.com.br\/novosite\/wp-content\/uploads\/2015\/06\/Politico-20-2014-Medialogue.png\" alt=\"Politico-20-2014-Medialogue\" width=\"274\" height=\"388\" \/><\/a><\/p>\n<p>J\u00e1 est\u00e1 dispon\u00edvel a segunda edi\u00e7\u00e3o da pesquisa Medialogue Pol\u00edtico 2.0. Clique no bot\u00e3o ao final do post para fazer o download e\u00a0ter acesso \u00e0s conclus\u00f5es do estudo.\u00a0Trata-se de um levantamento ambicioso que analisou mais de 75 mil informa\u00e7\u00f5es de 513 deputados federais e 81 senadores a fim de revelar os parlamentares mais influentes no mundo digital.<\/p>\n<p>Este nova edi\u00e7\u00e3o aborda temas novos. Permite identificar os avan\u00e7os e retrocessos em rela\u00e7\u00e3o ao comportamento digital dos parlamentares nos \u00faltimos tr\u00eas anos. Al\u00e9m disso, conseguimos estabelecer um link entre a performance nas urnas e influ\u00eancia digital. H\u00e1 sinais de que quem vai bem na internet tamb\u00e9m vai bem nas urnas.<\/p>\n<p><b>Mais f\u00e1cil ganhar votos que f\u00e3s<\/b><\/p>\n<p>A pesquisa tamb\u00e9m explora outros terrenos: mostra a rela\u00e7\u00e3o entre o n\u00famero de seguidores e f\u00e3s dos deputados federais com o n\u00famero de votos que recebeu nas \u00faltimas elei\u00e7\u00f5es. At\u00e9 agora parece mais f\u00e1cil ganhar votos do que f\u00e3s no Facebook. Juntos, congressistas tem 5 milh\u00f5es de seguidores no Twitter 4 milh\u00f5es de f\u00e3s no Facebook, uma varia\u00e7\u00e3o de 162% em rela\u00e7\u00e3o \u00e0 pesquisa anterior. Estes assuntos precisam ser aprofundados, mas algumas mudan\u00e7as no comportamento pol\u00edtico s\u00e3o evidentes. Estamos vendo nascer uma gera\u00e7\u00e3o de pol\u00edticos que tem sua carreira associada \u00e0 internet, s\u00e3o mais jovens e est\u00e3o em todos os partidos. Para quiser saber mais, preparamos uma vers\u00e3o para download. Entre 2010 e 2013, mais parlamentares passaram a usar websites e a cadastrar eleitores. O n\u00famero de seguidores no Twitter aumentou + 138%e o de f\u00e3s no Facebook + 268%. Na outra ponta, a nota m\u00e9dia de influ\u00eancia caiu.<\/p>\n<p><strong>Quem responde o e-mail do eleitor<\/strong><\/p>\n<p>Um das informa\u00e7\u00f5es que mais despertou aten\u00e7\u00e3o na primeira pesquisa foi o baixo n\u00famero de parlamentares que respondiam e-mails de eleitores. O n\u00famero dessas vez foi ainda menor. Em <a href=\"http:\/\/www.medialogue.com.br\/2011\/11\/pesquisa-revela-o-mapa-do-poder-digital-entre-deputados-e-senadores\/\" target=\"_blank\">2011<\/a>, 23% dos emails enviados pela pesquisa foram respondidos, dessa vez a taxa caiu para 20%. Embora a base de seguidores tenha aumentado, o uso do Twitter est\u00e1 caindo: 70% dos que tinham um perfil no microblog o mantinham atualizado em 2011, agora a taxa caiu para 62%. No per\u00edodo, a base de f\u00e3s do Facebook expandiu duas vezes mais do que a base do Twitter.<\/p>\n<p><b>Campanha digital<\/b><\/p>\n<p>Mas \u00e9 importante chamar a aten\u00e7\u00e3o para um detalhe: a pesquisa Medialogue Pol\u00edtico 2.0 atual foi realizada entre setembro e novembro. De l\u00e1 para c\u00e1 v\u00e1rios parlamentares reformularam totalmente seus sites e fizeram grande investimentos para angariar novos f\u00e3s e seguidores, provavelmente com o objetivo de melhorar sua plataforma digital para as pr\u00f3ximas elei\u00e7\u00f5es.<\/p>\n<p><b>Influ\u00eancia nas redes sociais<\/b><\/p>\n<p>A pesquisa Medialogue Pol\u00edtico 2.0 atribuiu notas de um a 7. O m\u00e1ximo poss\u00edvel \u00e9 de 10 pontos. A pontua\u00e7\u00e3o \u00e9 obtidas a partir da combina\u00e7\u00e3o de v\u00e1rios fatores que levam em conta o tamanho e a audi\u00eancia das redes sociais de cada parlamentar, os canais digitais usados por cada um, o tipo de intera\u00e7\u00e3o com os eleitores e a transpar\u00eancia na divulga\u00e7\u00e3o de informa\u00e7\u00f5es de interesse p\u00fablico. Neste ano as notas m\u00e9dia ca\u00edram um pouco em rela\u00e7\u00e3o \u00e0 pesquisa anterior. Aparentemente os parlamentares deram menos aten\u00e7\u00e3o a seus canais digitais, mas as raz\u00f5es ainda n\u00e3o est\u00e3o claras.<\/p>\n<p>A pesquisa destaca um grupo de 81 parlamentares que obtiveram notas 6 e 7. Estes foram considerados os mais influentes. Entre eles, 54 s\u00e3o deputados federais e 27 senadores. Juntos t\u00eam 59% dos seguidores no Twitter e 44% dos f\u00e3s no Facebook entre os 594 congressistas. Podemos dizer que s\u00e3o elite digital do Congresso. Na outra ponta, 80 parlamentes, 9% do Congresso receberam a nota mais baixa, um grupo relativamente grande que ainda vive na era do papel.<\/p>\n<p>A dist\u00e2ncia que separa a m\u00e9dia dos parlamentares dos mais influentes \u00e9 relativamente grande. Entre os mais influentes, 83% mant\u00e9m seus blogs atualizados, contra 53% da m\u00e9dia. Os influentes t\u00eam em m\u00e9dia quatro vezes mais f\u00e3s no Facebook e tr\u00eas vezes mais seguidores no Twitter. Tamb\u00e9m s\u00e3o mais cuidados com mensagens enviadas por eleitores: mais da metade responde a emails, contra apenas 20% na m\u00e9dia dos parlamentares. Al\u00e9m disso s\u00e3o mais transparentes, pois 84% usam seus canais digitais para divulgar informa\u00e7\u00f5es sobre seu mandato, contra 57% na m\u00e9dia.<\/p>\n<p><b>Quem s\u00e3o e onde est\u00e3o os influentes<\/b><\/p>\n<p>Tamb\u00e9m fizemos um retrato dos parlamentares mais influentes no mundo digital. Em linhas gerais s\u00e3o os mais jovens, mulheres, ocupam cadeiras no Senado, governistas, est\u00e3o em seu primeiro mandato e vem de S\u00e3o Paulo, Minas Gerais e Rio de Janeiro. O estudo das bancadas mostrou o PT de Dilma Rousseff, o PSDB de A\u00e9cio Neves e o PSB de Eduardo Campos em posi\u00e7\u00e3o bastante equilibrada e bem posicionados no ranking de influ\u00eancia. A bancada do PCdoB foi a \u00fanica a receber nota m\u00e1xima e a do PTB foi a que teve o pior desempenho em quatro dos seis quesitos pesquisados. Nesse per\u00edodo o senador A\u00e9cio Neves, por exemplo, conquistou quase 200 mil novos f\u00e3s no Facebook.<\/p>\n<p>Para baixar a\u00a0segunda edi\u00e7\u00e3o da pesquisa Medialogue Pol\u00edtico 2.0 clique no bot\u00e3o abaixo.<\/p>\n","protected":false},"excerpt":{"rendered":"<p>A segunda vers\u00e3o da pesquisa Medialogue Pol\u00edtico 2.0 j\u00e1 est\u00e1 dispon\u00edvel. Clique na imagem da capa para ter acesso ao dowload. O estudo traz os deputados e senadores mais influentes da internet e das redes sociais, como eles se comunicam com seus eleitores e tra\u00e7a uma compara\u00e7\u00e3o com o primeiro estudo, divulgado em 2011. <\/p>\n","protected":false},"author":13,"featured_media":954,"comment_status":"open","ping_status":"open","sticky":false,"template":"","format":"standard","meta":{"_acf_changed":false,"footnotes":""},"categories":[30,27,38],"tags":[13,33,14,16],"class_list":["post-952","post","type-post","status-publish","format-standard","has-post-thumbnail","hentry","category-pesquisa","category-politica","category-politico-2-0","tag-pesquisa","tag-politica","tag-politico-2-0","tag-reputacao-digital"],"acf":[],"yoast_head":"<!-- This site is optimized with the Yoast SEO plugin v24.2 - https:\/\/yoast.com\/wordpress\/plugins\/seo\/ -->\n<title>Medialogue lan\u00e7a pesquisa Pol\u00edtico 2.0 edi\u00e7\u00e3o 2014 | Medialogue<\/title>\n<meta name=\"description\" content=\"A segunda edi\u00e7\u00e3o de Pol\u00edtico 2.0 \u00e9 um estudo ambicioso que analisa 75 mil informa\u00e7\u00f5es para revelar os parlamentares mais influentes no mundo digital.\" \/>\n<meta name=\"robots\" content=\"index, follow, max-snippet:-1, max-image-preview:large, max-video-preview:-1\" \/>\n<link rel=\"canonical\" href=\"https:\/\/medialogue.com.br\/novosite\/2014\/03\/medialogue-pesquisa-politico20-versao-2014\/\" \/>\n<meta property=\"og:locale\" content=\"pt_BR\" \/>\n<meta property=\"og:type\" content=\"article\" \/>\n<meta property=\"og:title\" content=\"Medialogue lan\u00e7a pesquisa Pol\u00edtico 2.0 edi\u00e7\u00e3o 2014 | Medialogue\" \/>\n<meta property=\"og:description\" content=\"A segunda edi\u00e7\u00e3o de Pol\u00edtico 2.0 \u00e9 um estudo ambicioso que analisa 75 mil informa\u00e7\u00f5es para revelar os parlamentares mais influentes no mundo digital.\" \/>\n<meta property=\"og:url\" content=\"https:\/\/medialogue.com.br\/novosite\/2014\/03\/medialogue-pesquisa-politico20-versao-2014\/\" \/>\n<meta property=\"og:site_name\" content=\"Medialogue\" \/>\n<meta property=\"article:publisher\" content=\"http:\/\/www.facebook.com\/Medialogue\" \/>\n<meta property=\"article:published_time\" content=\"2014-03-01T13:14:02+00:00\" \/>\n<meta property=\"article:modified_time\" content=\"2017-07-27T18:56:05+00:00\" \/>\n<meta property=\"og:image\" content=\"https:\/\/www.medialogue.com.br\/novosite\/wp-content\/uploads\/2015\/06\/Medialogue-Apresentacao.png\" \/>\n<meta name=\"author\" content=\"Medialogue Digital\" \/>\n<meta name=\"twitter:card\" content=\"summary_large_image\" \/>\n<meta name=\"twitter:creator\" content=\"@Medialoguebr\" \/>\n<meta name=\"twitter:site\" content=\"@Medialoguebr\" \/>\n<meta name=\"twitter:label1\" content=\"Escrito por\" \/>\n\t<meta name=\"twitter:data1\" content=\"Medialogue Digital\" \/>\n\t<meta name=\"twitter:label2\" content=\"Est. tempo de leitura\" \/>\n\t<meta name=\"twitter:data2\" content=\"4 minutos\" \/>\n<script type=\"application\/ld+json\" class=\"yoast-schema-graph\">{\"@context\":\"https:\/\/schema.org\",\"@graph\":[{\"@type\":\"Article\",\"@id\":\"https:\/\/medialogue.com.br\/novosite\/2014\/03\/medialogue-pesquisa-politico20-versao-2014\/#article\",\"isPartOf\":{\"@id\":\"https:\/\/medialogue.com.br\/novosite\/2014\/03\/medialogue-pesquisa-politico20-versao-2014\/\"},\"author\":{\"name\":\"Medialogue Digital\",\"@id\":\"https:\/\/medialogue.com.br\/novosite\/#\/schema\/person\/7328d9e55d7f3de1e142dff54a929665\"},\"headline\":\"Medialogue lan\u00e7a pesquisa Pol\u00edtico 2.0 edi\u00e7\u00e3o 2014\",\"datePublished\":\"2014-03-01T13:14:02+00:00\",\"dateModified\":\"2017-07-27T18:56:05+00:00\",\"mainEntityOfPage\":{\"@id\":\"https:\/\/medialogue.com.br\/novosite\/2014\/03\/medialogue-pesquisa-politico20-versao-2014\/\"},\"wordCount\":896,\"commentCount\":0,\"publisher\":{\"@id\":\"https:\/\/medialogue.com.br\/novosite\/#organization\"},\"image\":{\"@id\":\"https:\/\/medialogue.com.br\/novosite\/2014\/03\/medialogue-pesquisa-politico20-versao-2014\/#primaryimage\"},\"thumbnailUrl\":\"\",\"keywords\":[\"Pesquisa\",\"Pol\u00edtica\",\"Politico 2.0\",\"Reputa\u00e7\u00e3o Digital\"],\"articleSection\":[\"Pesquisa\",\"Pol\u00edtica\",\"Pol\u00edtico 2.0\"],\"inLanguage\":\"pt-BR\",\"potentialAction\":[{\"@type\":\"CommentAction\",\"name\":\"Comment\",\"target\":[\"https:\/\/medialogue.com.br\/novosite\/2014\/03\/medialogue-pesquisa-politico20-versao-2014\/#respond\"]}]},{\"@type\":\"WebPage\",\"@id\":\"https:\/\/medialogue.com.br\/novosite\/2014\/03\/medialogue-pesquisa-politico20-versao-2014\/\",\"url\":\"https:\/\/medialogue.com.br\/novosite\/2014\/03\/medialogue-pesquisa-politico20-versao-2014\/\",\"name\":\"Medialogue lan\u00e7a pesquisa Pol\u00edtico 2.0 edi\u00e7\u00e3o 2014 | Medialogue\",\"isPartOf\":{\"@id\":\"https:\/\/medialogue.com.br\/novosite\/#website\"},\"primaryImageOfPage\":{\"@id\":\"https:\/\/medialogue.com.br\/novosite\/2014\/03\/medialogue-pesquisa-politico20-versao-2014\/#primaryimage\"},\"image\":{\"@id\":\"https:\/\/medialogue.com.br\/novosite\/2014\/03\/medialogue-pesquisa-politico20-versao-2014\/#primaryimage\"},\"thumbnailUrl\":\"\",\"datePublished\":\"2014-03-01T13:14:02+00:00\",\"dateModified\":\"2017-07-27T18:56:05+00:00\",\"description\":\"A segunda edi\u00e7\u00e3o de Pol\u00edtico 2.0 \u00e9 um estudo ambicioso que analisa 75 mil informa\u00e7\u00f5es para revelar os parlamentares mais influentes no mundo digital.\",\"breadcrumb\":{\"@id\":\"https:\/\/medialogue.com.br\/novosite\/2014\/03\/medialogue-pesquisa-politico20-versao-2014\/#breadcrumb\"},\"inLanguage\":\"pt-BR\",\"potentialAction\":[{\"@type\":\"ReadAction\",\"target\":[\"https:\/\/medialogue.com.br\/novosite\/2014\/03\/medialogue-pesquisa-politico20-versao-2014\/\"]}]},{\"@type\":\"ImageObject\",\"inLanguage\":\"pt-BR\",\"@id\":\"https:\/\/medialogue.com.br\/novosite\/2014\/03\/medialogue-pesquisa-politico20-versao-2014\/#primaryimage\",\"url\":\"\",\"contentUrl\":\"\"},{\"@type\":\"BreadcrumbList\",\"@id\":\"https:\/\/medialogue.com.br\/novosite\/2014\/03\/medialogue-pesquisa-politico20-versao-2014\/#breadcrumb\",\"itemListElement\":[{\"@type\":\"ListItem\",\"position\":1,\"name\":\"In\u00edcio\",\"item\":\"https:\/\/medialogue.com.br\/novosite\/\"},{\"@type\":\"ListItem\",\"position\":2,\"name\":\"Medialogue lan\u00e7a pesquisa Pol\u00edtico 2.0 edi\u00e7\u00e3o 2014\"}]},{\"@type\":\"WebSite\",\"@id\":\"https:\/\/medialogue.com.br\/novosite\/#website\",\"url\":\"https:\/\/medialogue.com.br\/novosite\/\",\"name\":\"Medialogue\",\"description\":\"Comunica\u00e7\u00e3o digital\",\"publisher\":{\"@id\":\"https:\/\/medialogue.com.br\/novosite\/#organization\"},\"potentialAction\":[{\"@type\":\"SearchAction\",\"target\":{\"@type\":\"EntryPoint\",\"urlTemplate\":\"https:\/\/medialogue.com.br\/novosite\/?s={search_term_string}\"},\"query-input\":{\"@type\":\"PropertyValueSpecification\",\"valueRequired\":true,\"valueName\":\"search_term_string\"}}],\"inLanguage\":\"pt-BR\"},{\"@type\":\"Organization\",\"@id\":\"https:\/\/medialogue.com.br\/novosite\/#organization\",\"name\":\"Medialogue\",\"url\":\"https:\/\/medialogue.com.br\/novosite\/\",\"logo\":{\"@type\":\"ImageObject\",\"inLanguage\":\"pt-BR\",\"@id\":\"https:\/\/medialogue.com.br\/novosite\/#\/schema\/logo\/image\/\",\"url\":\"https:\/\/www.medialogue.com.br\/novosite\/wp-content\/uploads\/2015\/06\/medialogue_logo_fundopretoRGB_medio.jpg\",\"contentUrl\":\"https:\/\/www.medialogue.com.br\/novosite\/wp-content\/uploads\/2015\/06\/medialogue_logo_fundopretoRGB_medio.jpg\",\"width\":450,\"height\":88,\"caption\":\"Medialogue\"},\"image\":{\"@id\":\"https:\/\/medialogue.com.br\/novosite\/#\/schema\/logo\/image\/\"},\"sameAs\":[\"http:\/\/www.facebook.com\/Medialogue\",\"https:\/\/x.com\/Medialoguebr\",\"http:\/\/www.linkedin.com\/company\/medialogue\",\"https:\/\/www.youtube.com\/user\/Medialoguebr\"]},{\"@type\":\"Person\",\"@id\":\"https:\/\/medialogue.com.br\/novosite\/#\/schema\/person\/7328d9e55d7f3de1e142dff54a929665\",\"name\":\"Medialogue Digital\",\"image\":{\"@type\":\"ImageObject\",\"inLanguage\":\"pt-BR\",\"@id\":\"https:\/\/medialogue.com.br\/novosite\/#\/schema\/person\/image\/\",\"url\":\"https:\/\/secure.gravatar.com\/avatar\/b4a0174c84c2560b2d28411eba0a4d509090f5cfc201709cd093ea283208b561?s=96&d=mm&r=g\",\"contentUrl\":\"https:\/\/secure.gravatar.com\/avatar\/b4a0174c84c2560b2d28411eba0a4d509090f5cfc201709cd093ea283208b561?s=96&d=mm&r=g\",\"caption\":\"Medialogue Digital\"},\"url\":\"https:\/\/medialogue.com.br\/novosite\/author\/medialogue-digital\/\"}]}<\/script>\n<!-- \/ Yoast SEO plugin. -->","yoast_head_json":{"title":"Medialogue lan\u00e7a pesquisa Pol\u00edtico 2.0 edi\u00e7\u00e3o 2014 | Medialogue","description":"A segunda edi\u00e7\u00e3o de Pol\u00edtico 2.0 \u00e9 um estudo ambicioso que analisa 75 mil informa\u00e7\u00f5es para revelar os parlamentares mais influentes no mundo digital.","robots":{"index":"index","follow":"follow","max-snippet":"max-snippet:-1","max-image-preview":"max-image-preview:large","max-video-preview":"max-video-preview:-1"},"canonical":"https:\/\/medialogue.com.br\/novosite\/2014\/03\/medialogue-pesquisa-politico20-versao-2014\/","og_locale":"pt_BR","og_type":"article","og_title":"Medialogue lan\u00e7a pesquisa Pol\u00edtico 2.0 edi\u00e7\u00e3o 2014 | Medialogue","og_description":"A segunda edi\u00e7\u00e3o de Pol\u00edtico 2.0 \u00e9 um estudo ambicioso que analisa 75 mil informa\u00e7\u00f5es para revelar os parlamentares mais influentes no mundo digital.","og_url":"https:\/\/medialogue.com.br\/novosite\/2014\/03\/medialogue-pesquisa-politico20-versao-2014\/","og_site_name":"Medialogue","article_publisher":"http:\/\/www.facebook.com\/Medialogue","article_published_time":"2014-03-01T13:14:02+00:00","article_modified_time":"2017-07-27T18:56:05+00:00","og_image":[{"url":"https:\/\/www.medialogue.com.br\/novosite\/wp-content\/uploads\/2015\/06\/Medialogue-Apresentacao.png","type":"","width":"","height":""}],"author":"Medialogue Digital","twitter_card":"summary_large_image","twitter_creator":"@Medialoguebr","twitter_site":"@Medialoguebr","twitter_misc":{"Escrito por":"Medialogue Digital","Est. tempo de leitura":"4 minutos"},"schema":{"@context":"https:\/\/schema.org","@graph":[{"@type":"Article","@id":"https:\/\/medialogue.com.br\/novosite\/2014\/03\/medialogue-pesquisa-politico20-versao-2014\/#article","isPartOf":{"@id":"https:\/\/medialogue.com.br\/novosite\/2014\/03\/medialogue-pesquisa-politico20-versao-2014\/"},"author":{"name":"Medialogue Digital","@id":"https:\/\/medialogue.com.br\/novosite\/#\/schema\/person\/7328d9e55d7f3de1e142dff54a929665"},"headline":"Medialogue lan\u00e7a pesquisa Pol\u00edtico 2.0 edi\u00e7\u00e3o 2014","datePublished":"2014-03-01T13:14:02+00:00","dateModified":"2017-07-27T18:56:05+00:00","mainEntityOfPage":{"@id":"https:\/\/medialogue.com.br\/novosite\/2014\/03\/medialogue-pesquisa-politico20-versao-2014\/"},"wordCount":896,"commentCount":0,"publisher":{"@id":"https:\/\/medialogue.com.br\/novosite\/#organization"},"image":{"@id":"https:\/\/medialogue.com.br\/novosite\/2014\/03\/medialogue-pesquisa-politico20-versao-2014\/#primaryimage"},"thumbnailUrl":"","keywords":["Pesquisa","Pol\u00edtica","Politico 2.0","Reputa\u00e7\u00e3o Digital"],"articleSection":["Pesquisa","Pol\u00edtica","Pol\u00edtico 2.0"],"inLanguage":"pt-BR","potentialAction":[{"@type":"CommentAction","name":"Comment","target":["https:\/\/medialogue.com.br\/novosite\/2014\/03\/medialogue-pesquisa-politico20-versao-2014\/#respond"]}]},{"@type":"WebPage","@id":"https:\/\/medialogue.com.br\/novosite\/2014\/03\/medialogue-pesquisa-politico20-versao-2014\/","url":"https:\/\/medialogue.com.br\/novosite\/2014\/03\/medialogue-pesquisa-politico20-versao-2014\/","name":"Medialogue lan\u00e7a pesquisa Pol\u00edtico 2.0 edi\u00e7\u00e3o 2014 | Medialogue","isPartOf":{"@id":"https:\/\/medialogue.com.br\/novosite\/#website"},"primaryImageOfPage":{"@id":"https:\/\/medialogue.com.br\/novosite\/2014\/03\/medialogue-pesquisa-politico20-versao-2014\/#primaryimage"},"image":{"@id":"https:\/\/medialogue.com.br\/novosite\/2014\/03\/medialogue-pesquisa-politico20-versao-2014\/#primaryimage"},"thumbnailUrl":"","datePublished":"2014-03-01T13:14:02+00:00","dateModified":"2017-07-27T18:56:05+00:00","description":"A segunda edi\u00e7\u00e3o de Pol\u00edtico 2.0 \u00e9 um estudo ambicioso que analisa 75 mil informa\u00e7\u00f5es para revelar os parlamentares mais influentes no mundo digital.","breadcrumb":{"@id":"https:\/\/medialogue.com.br\/novosite\/2014\/03\/medialogue-pesquisa-politico20-versao-2014\/#breadcrumb"},"inLanguage":"pt-BR","potentialAction":[{"@type":"ReadAction","target":["https:\/\/medialogue.com.br\/novosite\/2014\/03\/medialogue-pesquisa-politico20-versao-2014\/"]}]},{"@type":"ImageObject","inLanguage":"pt-BR","@id":"https:\/\/medialogue.com.br\/novosite\/2014\/03\/medialogue-pesquisa-politico20-versao-2014\/#primaryimage","url":"","contentUrl":""},{"@type":"BreadcrumbList","@id":"https:\/\/medialogue.com.br\/novosite\/2014\/03\/medialogue-pesquisa-politico20-versao-2014\/#breadcrumb","itemListElement":[{"@type":"ListItem","position":1,"name":"In\u00edcio","item":"https:\/\/medialogue.com.br\/novosite\/"},{"@type":"ListItem","position":2,"name":"Medialogue lan\u00e7a pesquisa Pol\u00edtico 2.0 edi\u00e7\u00e3o 2014"}]},{"@type":"WebSite","@id":"https:\/\/medialogue.com.br\/novosite\/#website","url":"https:\/\/medialogue.com.br\/novosite\/","name":"Medialogue","description":"Comunica\u00e7\u00e3o digital","publisher":{"@id":"https:\/\/medialogue.com.br\/novosite\/#organization"},"potentialAction":[{"@type":"SearchAction","target":{"@type":"EntryPoint","urlTemplate":"https:\/\/medialogue.com.br\/novosite\/?s={search_term_string}"},"query-input":{"@type":"PropertyValueSpecification","valueRequired":true,"valueName":"search_term_string"}}],"inLanguage":"pt-BR"},{"@type":"Organization","@id":"https:\/\/medialogue.com.br\/novosite\/#organization","name":"Medialogue","url":"https:\/\/medialogue.com.br\/novosite\/","logo":{"@type":"ImageObject","inLanguage":"pt-BR","@id":"https:\/\/medialogue.com.br\/novosite\/#\/schema\/logo\/image\/","url":"https:\/\/www.medialogue.com.br\/novosite\/wp-content\/uploads\/2015\/06\/medialogue_logo_fundopretoRGB_medio.jpg","contentUrl":"https:\/\/www.medialogue.com.br\/novosite\/wp-content\/uploads\/2015\/06\/medialogue_logo_fundopretoRGB_medio.jpg","width":450,"height":88,"caption":"Medialogue"},"image":{"@id":"https:\/\/medialogue.com.br\/novosite\/#\/schema\/logo\/image\/"},"sameAs":["http:\/\/www.facebook.com\/Medialogue","https:\/\/x.com\/Medialoguebr","http:\/\/www.linkedin.com\/company\/medialogue","https:\/\/www.youtube.com\/user\/Medialoguebr"]},{"@type":"Person","@id":"https:\/\/medialogue.com.br\/novosite\/#\/schema\/person\/7328d9e55d7f3de1e142dff54a929665","name":"Medialogue Digital","image":{"@type":"ImageObject","inLanguage":"pt-BR","@id":"https:\/\/medialogue.com.br\/novosite\/#\/schema\/person\/image\/","url":"https:\/\/secure.gravatar.com\/avatar\/b4a0174c84c2560b2d28411eba0a4d509090f5cfc201709cd093ea283208b561?s=96&d=mm&r=g","contentUrl":"https:\/\/secure.gravatar.com\/avatar\/b4a0174c84c2560b2d28411eba0a4d509090f5cfc201709cd093ea283208b561?s=96&d=mm&r=g","caption":"Medialogue Digital"},"url":"https:\/\/medialogue.com.br\/novosite\/author\/medialogue-digital\/"}]}},"wps_subtitle":"","amp_validity":null,"amp_enabled":true,"_links":{"self":[{"href":"https:\/\/medialogue.com.br\/novosite\/wp-json\/wp\/v2\/posts\/952","targetHints":{"allow":["GET"]}}],"collection":[{"href":"https:\/\/medialogue.com.br\/novosite\/wp-json\/wp\/v2\/posts"}],"about":[{"href":"https:\/\/medialogue.com.br\/novosite\/wp-json\/wp\/v2\/types\/post"}],"author":[{"embeddable":true,"href":"https:\/\/medialogue.com.br\/novosite\/wp-json\/wp\/v2\/users\/13"}],"replies":[{"embeddable":true,"href":"https:\/\/medialogue.com.br\/novosite\/wp-json\/wp\/v2\/comments?post=952"}],"version-history":[{"count":0,"href":"https:\/\/medialogue.com.br\/novosite\/wp-json\/wp\/v2\/posts\/952\/revisions"}],"wp:featuredmedia":[{"embeddable":true,"href":"https:\/\/medialogue.com.br\/novosite\/wp-json\/"}],"wp:attachment":[{"href":"https:\/\/medialogue.com.br\/novosite\/wp-json\/wp\/v2\/media?parent=952"}],"wp:term":[{"taxonomy":"category","embeddable":true,"href":"https:\/\/medialogue.com.br\/novosite\/wp-json\/wp\/v2\/categories?post=952"},{"taxonomy":"post_tag","embeddable":true,"href":"https:\/\/medialogue.com.br\/novosite\/wp-json\/wp\/v2\/tags?post=952"}],"curies":[{"name":"wp","href":"https:\/\/api.w.org\/{rel}","templated":true}]}}