{"id":442,"date":"2011-08-25T11:48:00","date_gmt":"2011-08-25T14:48:00","guid":{"rendered":"http:\/\/www.medialogue.com.br\/?p=442"},"modified":"2017-07-27T15:56:05","modified_gmt":"2017-07-27T18:56:05","slug":"blog-voto-e-direito-volta-a-ser-atualizado","status":"publish","type":"post","link":"https:\/\/medialogue.com.br\/novosite\/2011\/08\/blog-voto-e-direito-volta-a-ser-atualizado\/","title":{"rendered":"Blog Voto e Direito volta a ser atualizado"},"content":{"rendered":"<p><a href=\"http:\/\/votoedireito.com.br\/2011\/08\/pesquisa-da-medialogue-sobre-parlamentares-e-noticia-no-portal-ig\/\"><img loading=\"lazy\" decoding=\"async\" class=\"  wp-image-452 alignnone\" style=\"border: 0pt none; margin: 0px 10px;\" title=\"Votoedireito-2011-2\" src=\"https:\/\/www.medialogue.com.br\/novosite\/wp-content\/uploads\/2011\/08\/Votoedireito-2011-2.png\" alt=\"\" width=\"300\" height=\"171\" srcset=\"https:\/\/medialogue.com.br\/novosite\/wp-content\/uploads\/2011\/08\/Votoedireito-2011-2.png 783w, https:\/\/medialogue.com.br\/novosite\/wp-content\/uploads\/2011\/08\/Votoedireito-2011-2-300x171.png 300w\" sizes=\"auto, (max-width: 300px) 100vw, 300px\" \/><\/a><\/p>\n<p>A revista eletr\u00f4nica <a href=\"http:\/\/votoedireito.com.br\" target=\"_blank\">Voto e Direito<\/a> teve suas atividades retomadas nesta semana. A divulga\u00e7\u00e3o do calend\u00e1rio eleitoral de 2012 por parte do Tribunal Superior Eleitoral (TSE) marca esse retorno do blog. Criado e mantido pela <strong>Medialogue<\/strong>, o Voto e Direito foi nas elei\u00e7\u00f5es presidenciais de 2010 uma refer\u00eancia na orienta\u00e7\u00e3o de candidatos e seus assessores jur\u00eddicos sobre legisla\u00e7\u00e3o eleitoral voltada ao uso da internet na campanha.<\/p>\n<p>O blog vai acompanhar as mudan\u00e7as que devem surgir nas regras para as pr\u00f3ximas elei\u00e7\u00f5es e ser\u00e1 totalmente revisado, inclusive o guia com 100 perguntas e respostas de direito digital nas elei\u00e7\u00f5es. Conhe\u00e7a mais sobre o Voto e Direito e o que ser\u00e1 feito a partir de agora:<\/p>\n<ul>\n<li><strong>GUIA DO DIREITO ELEITORAL NA INTERNET<\/strong>: O Voto e Direito foi elaborado com a participa\u00e7\u00e3o de dezenas de especialistas em direito eleitoral, entre eles advogados dos principais escrit\u00f3rios do Pa\u00eds, ju\u00edzes e desembargadores. Esses especialistas ser\u00e3o novamente consultados para atualizar o conte\u00fado do Guia do Direito Eleitoral para Campanhas na Internet 2010 com base nas novas orienta\u00e7\u00f5es para a campanha eleitoral digital. O Guia poder baixado gratuitamente clicando no bot\u00e3o no final do post.<\/li>\n<li><strong>ESPECIALISTAS EM DIREITO ELEITORAL<\/strong>: O blog vai entrevistar esses especialistas em direito eleitoral e tamb\u00e9m os desenvolvedores de novas tecnologias para o uso das m\u00eddias digitais em campanhas pol\u00edticas. Voto e Direito ser\u00e1 ainda um agregador di\u00e1rio das not\u00edcias publicadas nos principais ve\u00edculos de informa\u00e7\u00e3o do Pa\u00eds sobre o tema.<\/li>\n<li><strong>AUDI\u00caNCIA SEGMENTADA<\/strong>: Na campanha de 2010, o <a href=\"http:\/\/www.medialogue.com.br\/2011\/03\/medialogue-nas-eleicoes-2010\/\">Voto e Direito reuniu cerca de 13 mil visitantes<\/a> e mais de 500 seguidores no Twitter. Agora, a Medialogue espera ampliar essa audi\u00eancia uma vez que o universo de candidatos para as pr\u00f3ximas elei\u00e7\u00f5es \u00e9 muito maior e a utiliza\u00e7\u00e3o das m\u00eddias digitais na campanha ser\u00e1 seguramente mais intensa.<\/li>\n<li><strong>NOVOS CANAIS DA MEDIALOGUE<\/strong>: O blog ter\u00e1 mais presen\u00e7a nas m\u00eddias sociais e ainda atuar\u00e1 em conjunto com outra publica\u00e7\u00e3o da Medialogue, o ePolitico.net, voltada para orientar sobre o uso das m\u00eddias digitais por pol\u00edticos e governantes e destacar as boas ideias nessa \u00e1rea.<\/li>\n<\/ul>\n","protected":false},"excerpt":{"rendered":"<p>Criado e mantido pela MEDIALOGUE, o Voto e Direito foi nas elei\u00e7\u00f5es presidenciais de 2010 uma refer\u00eancia na orienta\u00e7\u00e3o de candidatos e seus assessores jur\u00eddicos sobre legisla\u00e7\u00e3o eleitoral voltada ao uso da internet na campanha.<\/p>\n","protected":false},"author":13,"featured_media":452,"comment_status":"open","ping_status":"open","sticky":false,"template":"","format":"standard","meta":{"_acf_changed":false,"footnotes":""},"categories":[39],"tags":[17],"class_list":["post-442","post","type-post","status-publish","format-standard","has-post-thumbnail","hentry","category-voto-e-direito","tag-voto-e-direito"],"acf":[],"yoast_head":"<!-- This site is optimized with the Yoast SEO plugin v24.2 - https:\/\/yoast.com\/wordpress\/plugins\/seo\/ -->\n<title>Blog Voto e Direito volta a ser atualizado | Medialogue<\/title>\n<meta name=\"description\" content=\"A revista eletr\u00f4nica Voto e Direito teve suas atividades retomadas. A divulga\u00e7\u00e3o do calend\u00e1rio eleitoral de 2012 por parte do TSE marca o retorno do blog.\" \/>\n<meta name=\"robots\" content=\"index, follow, max-snippet:-1, max-image-preview:large, max-video-preview:-1\" \/>\n<link rel=\"canonical\" href=\"https:\/\/medialogue.com.br\/novosite\/2011\/08\/blog-voto-e-direito-volta-a-ser-atualizado\/\" \/>\n<meta property=\"og:locale\" content=\"pt_BR\" \/>\n<meta property=\"og:type\" content=\"article\" \/>\n<meta property=\"og:title\" content=\"Blog Voto e Direito volta a ser atualizado | Medialogue\" \/>\n<meta property=\"og:description\" content=\"A revista eletr\u00f4nica Voto e Direito teve suas atividades retomadas. A divulga\u00e7\u00e3o do calend\u00e1rio eleitoral de 2012 por parte do TSE marca o retorno do blog.\" \/>\n<meta property=\"og:url\" content=\"https:\/\/medialogue.com.br\/novosite\/2011\/08\/blog-voto-e-direito-volta-a-ser-atualizado\/\" \/>\n<meta property=\"og:site_name\" content=\"Medialogue\" \/>\n<meta property=\"article:publisher\" content=\"http:\/\/www.facebook.com\/Medialogue\" \/>\n<meta property=\"article:published_time\" content=\"2011-08-25T14:48:00+00:00\" \/>\n<meta property=\"article:modified_time\" content=\"2017-07-27T18:56:05+00:00\" \/>\n<meta property=\"og:image\" content=\"https:\/\/medialogue.com.br\/novosite\/wp-content\/uploads\/2011\/08\/Votoedireito-2011-2.png\" \/>\n\t<meta property=\"og:image:width\" content=\"783\" \/>\n\t<meta property=\"og:image:height\" content=\"447\" \/>\n\t<meta property=\"og:image:type\" content=\"image\/png\" \/>\n<meta name=\"author\" content=\"Medialogue Digital\" \/>\n<meta name=\"twitter:card\" content=\"summary_large_image\" \/>\n<meta name=\"twitter:creator\" content=\"@Medialoguebr\" \/>\n<meta name=\"twitter:site\" content=\"@Medialoguebr\" \/>\n<meta name=\"twitter:label1\" content=\"Escrito por\" \/>\n\t<meta name=\"twitter:data1\" content=\"Medialogue Digital\" \/>\n\t<meta name=\"twitter:label2\" content=\"Est. tempo de leitura\" \/>\n\t<meta name=\"twitter:data2\" content=\"2 minutos\" \/>\n<script type=\"application\/ld+json\" class=\"yoast-schema-graph\">{\"@context\":\"https:\/\/schema.org\",\"@graph\":[{\"@type\":\"Article\",\"@id\":\"https:\/\/medialogue.com.br\/novosite\/2011\/08\/blog-voto-e-direito-volta-a-ser-atualizado\/#article\",\"isPartOf\":{\"@id\":\"https:\/\/medialogue.com.br\/novosite\/2011\/08\/blog-voto-e-direito-volta-a-ser-atualizado\/\"},\"author\":{\"name\":\"Medialogue Digital\",\"@id\":\"https:\/\/medialogue.com.br\/novosite\/#\/schema\/person\/7328d9e55d7f3de1e142dff54a929665\"},\"headline\":\"Blog Voto e Direito volta a ser atualizado\",\"datePublished\":\"2011-08-25T14:48:00+00:00\",\"dateModified\":\"2017-07-27T18:56:05+00:00\",\"mainEntityOfPage\":{\"@id\":\"https:\/\/medialogue.com.br\/novosite\/2011\/08\/blog-voto-e-direito-volta-a-ser-atualizado\/\"},\"wordCount\":379,\"commentCount\":0,\"publisher\":{\"@id\":\"https:\/\/medialogue.com.br\/novosite\/#organization\"},\"image\":{\"@id\":\"https:\/\/medialogue.com.br\/novosite\/2011\/08\/blog-voto-e-direito-volta-a-ser-atualizado\/#primaryimage\"},\"thumbnailUrl\":\"https:\/\/medialogue.com.br\/novosite\/wp-content\/uploads\/2011\/08\/Votoedireito-2011-2.png\",\"keywords\":[\"Voto e Direito\"],\"articleSection\":[\"Voto e Direito\"],\"inLanguage\":\"pt-BR\",\"potentialAction\":[{\"@type\":\"CommentAction\",\"name\":\"Comment\",\"target\":[\"https:\/\/medialogue.com.br\/novosite\/2011\/08\/blog-voto-e-direito-volta-a-ser-atualizado\/#respond\"]}]},{\"@type\":\"WebPage\",\"@id\":\"https:\/\/medialogue.com.br\/novosite\/2011\/08\/blog-voto-e-direito-volta-a-ser-atualizado\/\",\"url\":\"https:\/\/medialogue.com.br\/novosite\/2011\/08\/blog-voto-e-direito-volta-a-ser-atualizado\/\",\"name\":\"Blog Voto e Direito volta a ser atualizado | Medialogue\",\"isPartOf\":{\"@id\":\"https:\/\/medialogue.com.br\/novosite\/#website\"},\"primaryImageOfPage\":{\"@id\":\"https:\/\/medialogue.com.br\/novosite\/2011\/08\/blog-voto-e-direito-volta-a-ser-atualizado\/#primaryimage\"},\"image\":{\"@id\":\"https:\/\/medialogue.com.br\/novosite\/2011\/08\/blog-voto-e-direito-volta-a-ser-atualizado\/#primaryimage\"},\"thumbnailUrl\":\"https:\/\/medialogue.com.br\/novosite\/wp-content\/uploads\/2011\/08\/Votoedireito-2011-2.png\",\"datePublished\":\"2011-08-25T14:48:00+00:00\",\"dateModified\":\"2017-07-27T18:56:05+00:00\",\"description\":\"A revista eletr\u00f4nica Voto e Direito teve suas atividades retomadas. A divulga\u00e7\u00e3o do calend\u00e1rio eleitoral de 2012 por parte do TSE marca o retorno do blog.\",\"breadcrumb\":{\"@id\":\"https:\/\/medialogue.com.br\/novosite\/2011\/08\/blog-voto-e-direito-volta-a-ser-atualizado\/#breadcrumb\"},\"inLanguage\":\"pt-BR\",\"potentialAction\":[{\"@type\":\"ReadAction\",\"target\":[\"https:\/\/medialogue.com.br\/novosite\/2011\/08\/blog-voto-e-direito-volta-a-ser-atualizado\/\"]}]},{\"@type\":\"ImageObject\",\"inLanguage\":\"pt-BR\",\"@id\":\"https:\/\/medialogue.com.br\/novosite\/2011\/08\/blog-voto-e-direito-volta-a-ser-atualizado\/#primaryimage\",\"url\":\"https:\/\/medialogue.com.br\/novosite\/wp-content\/uploads\/2011\/08\/Votoedireito-2011-2.png\",\"contentUrl\":\"https:\/\/medialogue.com.br\/novosite\/wp-content\/uploads\/2011\/08\/Votoedireito-2011-2.png\",\"width\":783,\"height\":447,\"caption\":\"Votoedireito-2011-2 medialogue digital\"},{\"@type\":\"BreadcrumbList\",\"@id\":\"https:\/\/medialogue.com.br\/novosite\/2011\/08\/blog-voto-e-direito-volta-a-ser-atualizado\/#breadcrumb\",\"itemListElement\":[{\"@type\":\"ListItem\",\"position\":1,\"name\":\"In\u00edcio\",\"item\":\"https:\/\/medialogue.com.br\/novosite\/\"},{\"@type\":\"ListItem\",\"position\":2,\"name\":\"Blog Voto e Direito volta a ser atualizado\"}]},{\"@type\":\"WebSite\",\"@id\":\"https:\/\/medialogue.com.br\/novosite\/#website\",\"url\":\"https:\/\/medialogue.com.br\/novosite\/\",\"name\":\"Medialogue\",\"description\":\"Comunica\u00e7\u00e3o digital\",\"publisher\":{\"@id\":\"https:\/\/medialogue.com.br\/novosite\/#organization\"},\"potentialAction\":[{\"@type\":\"SearchAction\",\"target\":{\"@type\":\"EntryPoint\",\"urlTemplate\":\"https:\/\/medialogue.com.br\/novosite\/?s={search_term_string}\"},\"query-input\":{\"@type\":\"PropertyValueSpecification\",\"valueRequired\":true,\"valueName\":\"search_term_string\"}}],\"inLanguage\":\"pt-BR\"},{\"@type\":\"Organization\",\"@id\":\"https:\/\/medialogue.com.br\/novosite\/#organization\",\"name\":\"Medialogue\",\"url\":\"https:\/\/medialogue.com.br\/novosite\/\",\"logo\":{\"@type\":\"ImageObject\",\"inLanguage\":\"pt-BR\",\"@id\":\"https:\/\/medialogue.com.br\/novosite\/#\/schema\/logo\/image\/\",\"url\":\"https:\/\/www.medialogue.com.br\/novosite\/wp-content\/uploads\/2015\/06\/medialogue_logo_fundopretoRGB_medio.jpg\",\"contentUrl\":\"https:\/\/www.medialogue.com.br\/novosite\/wp-content\/uploads\/2015\/06\/medialogue_logo_fundopretoRGB_medio.jpg\",\"width\":450,\"height\":88,\"caption\":\"Medialogue\"},\"image\":{\"@id\":\"https:\/\/medialogue.com.br\/novosite\/#\/schema\/logo\/image\/\"},\"sameAs\":[\"http:\/\/www.facebook.com\/Medialogue\",\"https:\/\/x.com\/Medialoguebr\",\"http:\/\/www.linkedin.com\/company\/medialogue\",\"https:\/\/www.youtube.com\/user\/Medialoguebr\"]},{\"@type\":\"Person\",\"@id\":\"https:\/\/medialogue.com.br\/novosite\/#\/schema\/person\/7328d9e55d7f3de1e142dff54a929665\",\"name\":\"Medialogue Digital\",\"image\":{\"@type\":\"ImageObject\",\"inLanguage\":\"pt-BR\",\"@id\":\"https:\/\/medialogue.com.br\/novosite\/#\/schema\/person\/image\/\",\"url\":\"https:\/\/secure.gravatar.com\/avatar\/b4a0174c84c2560b2d28411eba0a4d509090f5cfc201709cd093ea283208b561?s=96&d=mm&r=g\",\"contentUrl\":\"https:\/\/secure.gravatar.com\/avatar\/b4a0174c84c2560b2d28411eba0a4d509090f5cfc201709cd093ea283208b561?s=96&d=mm&r=g\",\"caption\":\"Medialogue Digital\"},\"url\":\"https:\/\/medialogue.com.br\/novosite\/author\/medialogue-digital\/\"}]}<\/script>\n<!-- \/ Yoast SEO plugin. -->","yoast_head_json":{"title":"Blog Voto e Direito volta a ser atualizado | Medialogue","description":"A revista eletr\u00f4nica Voto e Direito teve suas atividades retomadas. A divulga\u00e7\u00e3o do calend\u00e1rio eleitoral de 2012 por parte do TSE marca o retorno do blog.","robots":{"index":"index","follow":"follow","max-snippet":"max-snippet:-1","max-image-preview":"max-image-preview:large","max-video-preview":"max-video-preview:-1"},"canonical":"https:\/\/medialogue.com.br\/novosite\/2011\/08\/blog-voto-e-direito-volta-a-ser-atualizado\/","og_locale":"pt_BR","og_type":"article","og_title":"Blog Voto e Direito volta a ser atualizado | Medialogue","og_description":"A revista eletr\u00f4nica Voto e Direito teve suas atividades retomadas. A divulga\u00e7\u00e3o do calend\u00e1rio eleitoral de 2012 por parte do TSE marca o retorno do blog.","og_url":"https:\/\/medialogue.com.br\/novosite\/2011\/08\/blog-voto-e-direito-volta-a-ser-atualizado\/","og_site_name":"Medialogue","article_publisher":"http:\/\/www.facebook.com\/Medialogue","article_published_time":"2011-08-25T14:48:00+00:00","article_modified_time":"2017-07-27T18:56:05+00:00","og_image":[{"width":783,"height":447,"url":"https:\/\/medialogue.com.br\/novosite\/wp-content\/uploads\/2011\/08\/Votoedireito-2011-2.png","type":"image\/png"}],"author":"Medialogue Digital","twitter_card":"summary_large_image","twitter_creator":"@Medialoguebr","twitter_site":"@Medialoguebr","twitter_misc":{"Escrito por":"Medialogue Digital","Est. tempo de leitura":"2 minutos"},"schema":{"@context":"https:\/\/schema.org","@graph":[{"@type":"Article","@id":"https:\/\/medialogue.com.br\/novosite\/2011\/08\/blog-voto-e-direito-volta-a-ser-atualizado\/#article","isPartOf":{"@id":"https:\/\/medialogue.com.br\/novosite\/2011\/08\/blog-voto-e-direito-volta-a-ser-atualizado\/"},"author":{"name":"Medialogue Digital","@id":"https:\/\/medialogue.com.br\/novosite\/#\/schema\/person\/7328d9e55d7f3de1e142dff54a929665"},"headline":"Blog Voto e Direito volta a ser atualizado","datePublished":"2011-08-25T14:48:00+00:00","dateModified":"2017-07-27T18:56:05+00:00","mainEntityOfPage":{"@id":"https:\/\/medialogue.com.br\/novosite\/2011\/08\/blog-voto-e-direito-volta-a-ser-atualizado\/"},"wordCount":379,"commentCount":0,"publisher":{"@id":"https:\/\/medialogue.com.br\/novosite\/#organization"},"image":{"@id":"https:\/\/medialogue.com.br\/novosite\/2011\/08\/blog-voto-e-direito-volta-a-ser-atualizado\/#primaryimage"},"thumbnailUrl":"https:\/\/medialogue.com.br\/novosite\/wp-content\/uploads\/2011\/08\/Votoedireito-2011-2.png","keywords":["Voto e Direito"],"articleSection":["Voto e Direito"],"inLanguage":"pt-BR","potentialAction":[{"@type":"CommentAction","name":"Comment","target":["https:\/\/medialogue.com.br\/novosite\/2011\/08\/blog-voto-e-direito-volta-a-ser-atualizado\/#respond"]}]},{"@type":"WebPage","@id":"https:\/\/medialogue.com.br\/novosite\/2011\/08\/blog-voto-e-direito-volta-a-ser-atualizado\/","url":"https:\/\/medialogue.com.br\/novosite\/2011\/08\/blog-voto-e-direito-volta-a-ser-atualizado\/","name":"Blog Voto e Direito volta a ser atualizado | Medialogue","isPartOf":{"@id":"https:\/\/medialogue.com.br\/novosite\/#website"},"primaryImageOfPage":{"@id":"https:\/\/medialogue.com.br\/novosite\/2011\/08\/blog-voto-e-direito-volta-a-ser-atualizado\/#primaryimage"},"image":{"@id":"https:\/\/medialogue.com.br\/novosite\/2011\/08\/blog-voto-e-direito-volta-a-ser-atualizado\/#primaryimage"},"thumbnailUrl":"https:\/\/medialogue.com.br\/novosite\/wp-content\/uploads\/2011\/08\/Votoedireito-2011-2.png","datePublished":"2011-08-25T14:48:00+00:00","dateModified":"2017-07-27T18:56:05+00:00","description":"A revista eletr\u00f4nica Voto e Direito teve suas atividades retomadas. A divulga\u00e7\u00e3o do calend\u00e1rio eleitoral de 2012 por parte do TSE marca o retorno do blog.","breadcrumb":{"@id":"https:\/\/medialogue.com.br\/novosite\/2011\/08\/blog-voto-e-direito-volta-a-ser-atualizado\/#breadcrumb"},"inLanguage":"pt-BR","potentialAction":[{"@type":"ReadAction","target":["https:\/\/medialogue.com.br\/novosite\/2011\/08\/blog-voto-e-direito-volta-a-ser-atualizado\/"]}]},{"@type":"ImageObject","inLanguage":"pt-BR","@id":"https:\/\/medialogue.com.br\/novosite\/2011\/08\/blog-voto-e-direito-volta-a-ser-atualizado\/#primaryimage","url":"https:\/\/medialogue.com.br\/novosite\/wp-content\/uploads\/2011\/08\/Votoedireito-2011-2.png","contentUrl":"https:\/\/medialogue.com.br\/novosite\/wp-content\/uploads\/2011\/08\/Votoedireito-2011-2.png","width":783,"height":447,"caption":"Votoedireito-2011-2 medialogue digital"},{"@type":"BreadcrumbList","@id":"https:\/\/medialogue.com.br\/novosite\/2011\/08\/blog-voto-e-direito-volta-a-ser-atualizado\/#breadcrumb","itemListElement":[{"@type":"ListItem","position":1,"name":"In\u00edcio","item":"https:\/\/medialogue.com.br\/novosite\/"},{"@type":"ListItem","position":2,"name":"Blog Voto e Direito volta a ser atualizado"}]},{"@type":"WebSite","@id":"https:\/\/medialogue.com.br\/novosite\/#website","url":"https:\/\/medialogue.com.br\/novosite\/","name":"Medialogue","description":"Comunica\u00e7\u00e3o digital","publisher":{"@id":"https:\/\/medialogue.com.br\/novosite\/#organization"},"potentialAction":[{"@type":"SearchAction","target":{"@type":"EntryPoint","urlTemplate":"https:\/\/medialogue.com.br\/novosite\/?s={search_term_string}"},"query-input":{"@type":"PropertyValueSpecification","valueRequired":true,"valueName":"search_term_string"}}],"inLanguage":"pt-BR"},{"@type":"Organization","@id":"https:\/\/medialogue.com.br\/novosite\/#organization","name":"Medialogue","url":"https:\/\/medialogue.com.br\/novosite\/","logo":{"@type":"ImageObject","inLanguage":"pt-BR","@id":"https:\/\/medialogue.com.br\/novosite\/#\/schema\/logo\/image\/","url":"https:\/\/www.medialogue.com.br\/novosite\/wp-content\/uploads\/2015\/06\/medialogue_logo_fundopretoRGB_medio.jpg","contentUrl":"https:\/\/www.medialogue.com.br\/novosite\/wp-content\/uploads\/2015\/06\/medialogue_logo_fundopretoRGB_medio.jpg","width":450,"height":88,"caption":"Medialogue"},"image":{"@id":"https:\/\/medialogue.com.br\/novosite\/#\/schema\/logo\/image\/"},"sameAs":["http:\/\/www.facebook.com\/Medialogue","https:\/\/x.com\/Medialoguebr","http:\/\/www.linkedin.com\/company\/medialogue","https:\/\/www.youtube.com\/user\/Medialoguebr"]},{"@type":"Person","@id":"https:\/\/medialogue.com.br\/novosite\/#\/schema\/person\/7328d9e55d7f3de1e142dff54a929665","name":"Medialogue Digital","image":{"@type":"ImageObject","inLanguage":"pt-BR","@id":"https:\/\/medialogue.com.br\/novosite\/#\/schema\/person\/image\/","url":"https:\/\/secure.gravatar.com\/avatar\/b4a0174c84c2560b2d28411eba0a4d509090f5cfc201709cd093ea283208b561?s=96&d=mm&r=g","contentUrl":"https:\/\/secure.gravatar.com\/avatar\/b4a0174c84c2560b2d28411eba0a4d509090f5cfc201709cd093ea283208b561?s=96&d=mm&r=g","caption":"Medialogue Digital"},"url":"https:\/\/medialogue.com.br\/novosite\/author\/medialogue-digital\/"}]}},"wps_subtitle":"","amp_validity":null,"amp_enabled":true,"_links":{"self":[{"href":"https:\/\/medialogue.com.br\/novosite\/wp-json\/wp\/v2\/posts\/442","targetHints":{"allow":["GET"]}}],"collection":[{"href":"https:\/\/medialogue.com.br\/novosite\/wp-json\/wp\/v2\/posts"}],"about":[{"href":"https:\/\/medialogue.com.br\/novosite\/wp-json\/wp\/v2\/types\/post"}],"author":[{"embeddable":true,"href":"https:\/\/medialogue.com.br\/novosite\/wp-json\/wp\/v2\/users\/13"}],"replies":[{"embeddable":true,"href":"https:\/\/medialogue.com.br\/novosite\/wp-json\/wp\/v2\/comments?post=442"}],"version-history":[{"count":0,"href":"https:\/\/medialogue.com.br\/novosite\/wp-json\/wp\/v2\/posts\/442\/revisions"}],"wp:featuredmedia":[{"embeddable":true,"href":"https:\/\/medialogue.com.br\/novosite\/wp-json\/wp\/v2\/media\/452"}],"wp:attachment":[{"href":"https:\/\/medialogue.com.br\/novosite\/wp-json\/wp\/v2\/media?parent=442"}],"wp:term":[{"taxonomy":"category","embeddable":true,"href":"https:\/\/medialogue.com.br\/novosite\/wp-json\/wp\/v2\/categories?post=442"},{"taxonomy":"post_tag","embeddable":true,"href":"https:\/\/medialogue.com.br\/novosite\/wp-json\/wp\/v2\/tags?post=442"}],"curies":[{"name":"wp","href":"https:\/\/api.w.org\/{rel}","templated":true}]}}