{"id":4226,"date":"2017-07-03T20:03:09","date_gmt":"2017-07-03T23:03:09","guid":{"rendered":"http:\/\/www.medialogue.com.br\/?p=4226"},"modified":"2017-07-03T20:06:45","modified_gmt":"2017-07-03T23:06:45","slug":"doria-mais-comentado-alckmin-internet","status":"publish","type":"post","link":"https:\/\/medialogue.com.br\/novosite\/2017\/07\/doria-mais-comentado-alckmin-internet\/","title":{"rendered":"Doria \u00e9 5 vezes mais comentado que Alckmin na internet"},"content":{"rendered":"<p>A Medialogue Digital monitorou uma amostra da conversa online\u00a0referente ao prefeito de S\u00e3o Paulo, <a href=\"http:\/\/www.medialogue.com.br\/2017\/05\/joao-doria-no-facebook\/\" target=\"_blank\">Jo\u00e3o Doria<\/a> (PSDB), e ao governador Geraldo Alckmin (PSDB) na \u00faltima semana de junho e identificou algumas das <a href=\"http:\/\/bit.ly\/2tb2mBO\" target=\"_blank\">principais tend\u00eancias da discuss\u00e3o na web<\/a>.<\/p>\n<p>Entre todos os posts analisados, 86% mencionaram Doria, sendo que 14% falou do prefeito e do governador.\u00a0Apenas 14% mencionaram apenas Alckmin.\u00a0<strong>Clique para ver os <a href=\"http:\/\/bit.ly\/2tb2mBO\" target=\"_blank\">resultados completos<\/a>.<\/strong><\/p>\n<figure id=\"attachment_4231\" aria-describedby=\"caption-attachment-4231\" style=\"width: 1226px\" class=\"wp-caption alignnone\"><a href=\"http:\/\/bit.ly\/2tb2mBO\" target=\"_blank\"><img loading=\"lazy\" decoding=\"async\" class=\"wp-image-4231 size-full\" src=\"https:\/\/www.medialogue.com.br\/novosite\/wp-content\/uploads\/2017\/07\/doria-alckmin-internet-medialogue.jpg\" alt=\"Doria e Alckmin nas redes sociais\" width=\"1226\" height=\"437\" srcset=\"https:\/\/medialogue.com.br\/novosite\/wp-content\/uploads\/2017\/07\/doria-alckmin-internet-medialogue.jpg 1226w, https:\/\/medialogue.com.br\/novosite\/wp-content\/uploads\/2017\/07\/doria-alckmin-internet-medialogue-768x274.jpg 768w, https:\/\/medialogue.com.br\/novosite\/wp-content\/uploads\/2017\/07\/doria-alckmin-internet-medialogue-300x107.jpg 300w\" sizes=\"auto, (max-width: 1226px) 100vw, 1226px\" \/><\/a><figcaption id=\"caption-attachment-4231\" class=\"wp-caption-text\">Clique na imagem para consultar a tabela completa<\/figcaption><\/figure>\n<p>Entre todos os posts analisados, 86% mencionaram Doria, sendo que 14% falou do prefeito e do governador. A conversa referente a Doria aconteceu principalmente no Twitter (71%), enquanto que metade dos posts que fizeram refer\u00eancia ao governador vieram de portais e sites de not\u00edcias.<\/p>\n<h3><strong>Imagem de Doria \u00e9\u00a0vinculada ao ex-presidente Lula; a de Alckmin ao Senador A\u00e9cio Neves<\/strong><\/h3>\n<p>No per\u00edodo, a imagem de Doria foi vinculada \u00e0 de Lula nas redes, principalmente por meio de manifesta\u00e7\u00f5es de apoiadores do prefeito que pedem a pris\u00e3o e atacam o ex-presidente. Alckmin teve seu nome relacionado a A\u00e9cio Neves em raz\u00e3o do retorno do mineiro ao Senado e a discuss\u00e3o na m\u00eddia da repercuss\u00e3o para o PSDB.<\/p>\n<p>As postagens analisadas foram coletadas\u00a0entre 26\/06 e\u00a002\/07\/2017.<\/p>\n<p><strong>Clique para ver os <a href=\"http:\/\/bit.ly\/2tb2mBO\" target=\"_blank\">resultados completos<\/a>.<\/strong><\/p>\n","protected":false},"excerpt":{"rendered":"<p>A Medialogue Digital monitorou uma amostra da conversa online referente a Jo\u00e3o Doria e Geraldo Alckmin na \u00faltima semana de junho e identificou algumas das principais tend\u00eancias da discuss\u00e3o na web. Entre todos os posts analisados, 86% mencionaram Doria, sendo que 14% falou do prefeito e do governador. Clique para ver os resultados completos.<\/p>\n","protected":false},"author":13,"featured_media":4231,"comment_status":"open","ping_status":"open","sticky":false,"template":"","format":"standard","meta":{"_acf_changed":false,"footnotes":""},"categories":[30,53,28],"tags":[],"class_list":["post-4226","post","type-post","status-publish","format-standard","has-post-thumbnail","hentry","category-pesquisa","category-politico-digital","category-redes-sociais"],"acf":[],"yoast_head":"<!-- This site is optimized with the Yoast SEO plugin v24.2 - https:\/\/yoast.com\/wordpress\/plugins\/seo\/ -->\n<title>Doria e \u00e9 5x mais comentado que Alckmin na internet | Medialogue Digital<\/title>\n<meta name=\"description\" content=\"Analisamos a conversa online de Jo\u00e3o Doria e Geraldo Alckmin na \u00faltima semana de junho e identificamos algumas das principais tend\u00eancias da discuss\u00e3o na web\" \/>\n<meta name=\"robots\" content=\"index, follow, max-snippet:-1, max-image-preview:large, max-video-preview:-1\" \/>\n<link rel=\"canonical\" href=\"https:\/\/medialogue.com.br\/novosite\/2017\/07\/doria-mais-comentado-alckmin-internet\/\" \/>\n<meta property=\"og:locale\" content=\"pt_BR\" \/>\n<meta property=\"og:type\" content=\"article\" \/>\n<meta property=\"og:title\" content=\"Doria e \u00e9 5x mais comentado que Alckmin na internet | Medialogue Digital\" \/>\n<meta property=\"og:description\" content=\"Analisamos a conversa online de Jo\u00e3o Doria e Geraldo Alckmin na \u00faltima semana de junho e identificamos algumas das principais tend\u00eancias da discuss\u00e3o na web\" \/>\n<meta property=\"og:url\" content=\"https:\/\/medialogue.com.br\/novosite\/2017\/07\/doria-mais-comentado-alckmin-internet\/\" \/>\n<meta property=\"og:site_name\" content=\"Medialogue\" \/>\n<meta property=\"article:publisher\" content=\"http:\/\/www.facebook.com\/Medialogue\" \/>\n<meta property=\"article:published_time\" content=\"2017-07-03T23:03:09+00:00\" \/>\n<meta property=\"article:modified_time\" content=\"2017-07-03T23:06:45+00:00\" \/>\n<meta property=\"og:image\" content=\"https:\/\/medialogue.com.br\/novosite\/wp-content\/uploads\/2017\/07\/doria-alckmin-internet-medialogue.jpg\" \/>\n\t<meta property=\"og:image:width\" content=\"1226\" \/>\n\t<meta property=\"og:image:height\" content=\"437\" \/>\n\t<meta property=\"og:image:type\" content=\"image\/jpeg\" \/>\n<meta name=\"author\" content=\"Medialogue Digital\" \/>\n<meta name=\"twitter:card\" content=\"summary_large_image\" \/>\n<meta name=\"twitter:creator\" content=\"@Medialoguebr\" \/>\n<meta name=\"twitter:site\" content=\"@Medialoguebr\" \/>\n<meta name=\"twitter:label1\" content=\"Escrito por\" \/>\n\t<meta name=\"twitter:data1\" content=\"Medialogue Digital\" \/>\n\t<meta name=\"twitter:label2\" content=\"Est. tempo de leitura\" \/>\n\t<meta name=\"twitter:data2\" content=\"1 minuto\" \/>\n<script type=\"application\/ld+json\" class=\"yoast-schema-graph\">{\"@context\":\"https:\/\/schema.org\",\"@graph\":[{\"@type\":\"Article\",\"@id\":\"https:\/\/medialogue.com.br\/novosite\/2017\/07\/doria-mais-comentado-alckmin-internet\/#article\",\"isPartOf\":{\"@id\":\"https:\/\/medialogue.com.br\/novosite\/2017\/07\/doria-mais-comentado-alckmin-internet\/\"},\"author\":{\"name\":\"Medialogue Digital\",\"@id\":\"https:\/\/medialogue.com.br\/novosite\/#\/schema\/person\/7328d9e55d7f3de1e142dff54a929665\"},\"headline\":\"Doria \u00e9 5 vezes mais comentado que Alckmin na internet\",\"datePublished\":\"2017-07-03T23:03:09+00:00\",\"dateModified\":\"2017-07-03T23:06:45+00:00\",\"mainEntityOfPage\":{\"@id\":\"https:\/\/medialogue.com.br\/novosite\/2017\/07\/doria-mais-comentado-alckmin-internet\/\"},\"wordCount\":225,\"commentCount\":0,\"publisher\":{\"@id\":\"https:\/\/medialogue.com.br\/novosite\/#organization\"},\"image\":{\"@id\":\"https:\/\/medialogue.com.br\/novosite\/2017\/07\/doria-mais-comentado-alckmin-internet\/#primaryimage\"},\"thumbnailUrl\":\"https:\/\/medialogue.com.br\/novosite\/wp-content\/uploads\/2017\/07\/doria-alckmin-internet-medialogue.jpg\",\"articleSection\":[\"Pesquisa\",\"Pol\u00edtico Digital\",\"Redes sociais\"],\"inLanguage\":\"pt-BR\",\"potentialAction\":[{\"@type\":\"CommentAction\",\"name\":\"Comment\",\"target\":[\"https:\/\/medialogue.com.br\/novosite\/2017\/07\/doria-mais-comentado-alckmin-internet\/#respond\"]}]},{\"@type\":\"WebPage\",\"@id\":\"https:\/\/medialogue.com.br\/novosite\/2017\/07\/doria-mais-comentado-alckmin-internet\/\",\"url\":\"https:\/\/medialogue.com.br\/novosite\/2017\/07\/doria-mais-comentado-alckmin-internet\/\",\"name\":\"Doria e \u00e9 5x mais comentado que Alckmin na internet | Medialogue Digital\",\"isPartOf\":{\"@id\":\"https:\/\/medialogue.com.br\/novosite\/#website\"},\"primaryImageOfPage\":{\"@id\":\"https:\/\/medialogue.com.br\/novosite\/2017\/07\/doria-mais-comentado-alckmin-internet\/#primaryimage\"},\"image\":{\"@id\":\"https:\/\/medialogue.com.br\/novosite\/2017\/07\/doria-mais-comentado-alckmin-internet\/#primaryimage\"},\"thumbnailUrl\":\"https:\/\/medialogue.com.br\/novosite\/wp-content\/uploads\/2017\/07\/doria-alckmin-internet-medialogue.jpg\",\"datePublished\":\"2017-07-03T23:03:09+00:00\",\"dateModified\":\"2017-07-03T23:06:45+00:00\",\"description\":\"Analisamos a conversa online de Jo\u00e3o Doria e Geraldo Alckmin na \u00faltima semana de junho e identificamos algumas das principais tend\u00eancias da discuss\u00e3o na web\",\"breadcrumb\":{\"@id\":\"https:\/\/medialogue.com.br\/novosite\/2017\/07\/doria-mais-comentado-alckmin-internet\/#breadcrumb\"},\"inLanguage\":\"pt-BR\",\"potentialAction\":[{\"@type\":\"ReadAction\",\"target\":[\"https:\/\/medialogue.com.br\/novosite\/2017\/07\/doria-mais-comentado-alckmin-internet\/\"]}]},{\"@type\":\"ImageObject\",\"inLanguage\":\"pt-BR\",\"@id\":\"https:\/\/medialogue.com.br\/novosite\/2017\/07\/doria-mais-comentado-alckmin-internet\/#primaryimage\",\"url\":\"https:\/\/medialogue.com.br\/novosite\/wp-content\/uploads\/2017\/07\/doria-alckmin-internet-medialogue.jpg\",\"contentUrl\":\"https:\/\/medialogue.com.br\/novosite\/wp-content\/uploads\/2017\/07\/doria-alckmin-internet-medialogue.jpg\",\"width\":1226,\"height\":437,\"caption\":\"Doria e Alckmin nas redes sociais\"},{\"@type\":\"BreadcrumbList\",\"@id\":\"https:\/\/medialogue.com.br\/novosite\/2017\/07\/doria-mais-comentado-alckmin-internet\/#breadcrumb\",\"itemListElement\":[{\"@type\":\"ListItem\",\"position\":1,\"name\":\"In\u00edcio\",\"item\":\"https:\/\/medialogue.com.br\/novosite\/\"},{\"@type\":\"ListItem\",\"position\":2,\"name\":\"Doria \u00e9 5 vezes mais comentado que Alckmin na internet\"}]},{\"@type\":\"WebSite\",\"@id\":\"https:\/\/medialogue.com.br\/novosite\/#website\",\"url\":\"https:\/\/medialogue.com.br\/novosite\/\",\"name\":\"Medialogue\",\"description\":\"Comunica\u00e7\u00e3o digital\",\"publisher\":{\"@id\":\"https:\/\/medialogue.com.br\/novosite\/#organization\"},\"potentialAction\":[{\"@type\":\"SearchAction\",\"target\":{\"@type\":\"EntryPoint\",\"urlTemplate\":\"https:\/\/medialogue.com.br\/novosite\/?s={search_term_string}\"},\"query-input\":{\"@type\":\"PropertyValueSpecification\",\"valueRequired\":true,\"valueName\":\"search_term_string\"}}],\"inLanguage\":\"pt-BR\"},{\"@type\":\"Organization\",\"@id\":\"https:\/\/medialogue.com.br\/novosite\/#organization\",\"name\":\"Medialogue\",\"url\":\"https:\/\/medialogue.com.br\/novosite\/\",\"logo\":{\"@type\":\"ImageObject\",\"inLanguage\":\"pt-BR\",\"@id\":\"https:\/\/medialogue.com.br\/novosite\/#\/schema\/logo\/image\/\",\"url\":\"https:\/\/www.medialogue.com.br\/novosite\/wp-content\/uploads\/2015\/06\/medialogue_logo_fundopretoRGB_medio.jpg\",\"contentUrl\":\"https:\/\/www.medialogue.com.br\/novosite\/wp-content\/uploads\/2015\/06\/medialogue_logo_fundopretoRGB_medio.jpg\",\"width\":450,\"height\":88,\"caption\":\"Medialogue\"},\"image\":{\"@id\":\"https:\/\/medialogue.com.br\/novosite\/#\/schema\/logo\/image\/\"},\"sameAs\":[\"http:\/\/www.facebook.com\/Medialogue\",\"https:\/\/x.com\/Medialoguebr\",\"http:\/\/www.linkedin.com\/company\/medialogue\",\"https:\/\/www.youtube.com\/user\/Medialoguebr\"]},{\"@type\":\"Person\",\"@id\":\"https:\/\/medialogue.com.br\/novosite\/#\/schema\/person\/7328d9e55d7f3de1e142dff54a929665\",\"name\":\"Medialogue Digital\",\"image\":{\"@type\":\"ImageObject\",\"inLanguage\":\"pt-BR\",\"@id\":\"https:\/\/medialogue.com.br\/novosite\/#\/schema\/person\/image\/\",\"url\":\"https:\/\/secure.gravatar.com\/avatar\/b4a0174c84c2560b2d28411eba0a4d509090f5cfc201709cd093ea283208b561?s=96&d=mm&r=g\",\"contentUrl\":\"https:\/\/secure.gravatar.com\/avatar\/b4a0174c84c2560b2d28411eba0a4d509090f5cfc201709cd093ea283208b561?s=96&d=mm&r=g\",\"caption\":\"Medialogue Digital\"},\"url\":\"https:\/\/medialogue.com.br\/novosite\/author\/medialogue-digital\/\"}]}<\/script>\n<!-- \/ Yoast SEO plugin. -->","yoast_head_json":{"title":"Doria e \u00e9 5x mais comentado que Alckmin na internet | Medialogue Digital","description":"Analisamos a conversa online de Jo\u00e3o Doria e Geraldo Alckmin na \u00faltima semana de junho e identificamos algumas das principais tend\u00eancias da discuss\u00e3o na web","robots":{"index":"index","follow":"follow","max-snippet":"max-snippet:-1","max-image-preview":"max-image-preview:large","max-video-preview":"max-video-preview:-1"},"canonical":"https:\/\/medialogue.com.br\/novosite\/2017\/07\/doria-mais-comentado-alckmin-internet\/","og_locale":"pt_BR","og_type":"article","og_title":"Doria e \u00e9 5x mais comentado que Alckmin na internet | Medialogue Digital","og_description":"Analisamos a conversa online de Jo\u00e3o Doria e Geraldo Alckmin na \u00faltima semana de junho e identificamos algumas das principais tend\u00eancias da discuss\u00e3o na web","og_url":"https:\/\/medialogue.com.br\/novosite\/2017\/07\/doria-mais-comentado-alckmin-internet\/","og_site_name":"Medialogue","article_publisher":"http:\/\/www.facebook.com\/Medialogue","article_published_time":"2017-07-03T23:03:09+00:00","article_modified_time":"2017-07-03T23:06:45+00:00","og_image":[{"width":1226,"height":437,"url":"https:\/\/medialogue.com.br\/novosite\/wp-content\/uploads\/2017\/07\/doria-alckmin-internet-medialogue.jpg","type":"image\/jpeg"}],"author":"Medialogue Digital","twitter_card":"summary_large_image","twitter_creator":"@Medialoguebr","twitter_site":"@Medialoguebr","twitter_misc":{"Escrito por":"Medialogue Digital","Est. tempo de leitura":"1 minuto"},"schema":{"@context":"https:\/\/schema.org","@graph":[{"@type":"Article","@id":"https:\/\/medialogue.com.br\/novosite\/2017\/07\/doria-mais-comentado-alckmin-internet\/#article","isPartOf":{"@id":"https:\/\/medialogue.com.br\/novosite\/2017\/07\/doria-mais-comentado-alckmin-internet\/"},"author":{"name":"Medialogue Digital","@id":"https:\/\/medialogue.com.br\/novosite\/#\/schema\/person\/7328d9e55d7f3de1e142dff54a929665"},"headline":"Doria \u00e9 5 vezes mais comentado que Alckmin na internet","datePublished":"2017-07-03T23:03:09+00:00","dateModified":"2017-07-03T23:06:45+00:00","mainEntityOfPage":{"@id":"https:\/\/medialogue.com.br\/novosite\/2017\/07\/doria-mais-comentado-alckmin-internet\/"},"wordCount":225,"commentCount":0,"publisher":{"@id":"https:\/\/medialogue.com.br\/novosite\/#organization"},"image":{"@id":"https:\/\/medialogue.com.br\/novosite\/2017\/07\/doria-mais-comentado-alckmin-internet\/#primaryimage"},"thumbnailUrl":"https:\/\/medialogue.com.br\/novosite\/wp-content\/uploads\/2017\/07\/doria-alckmin-internet-medialogue.jpg","articleSection":["Pesquisa","Pol\u00edtico Digital","Redes sociais"],"inLanguage":"pt-BR","potentialAction":[{"@type":"CommentAction","name":"Comment","target":["https:\/\/medialogue.com.br\/novosite\/2017\/07\/doria-mais-comentado-alckmin-internet\/#respond"]}]},{"@type":"WebPage","@id":"https:\/\/medialogue.com.br\/novosite\/2017\/07\/doria-mais-comentado-alckmin-internet\/","url":"https:\/\/medialogue.com.br\/novosite\/2017\/07\/doria-mais-comentado-alckmin-internet\/","name":"Doria e \u00e9 5x mais comentado que Alckmin na internet | Medialogue Digital","isPartOf":{"@id":"https:\/\/medialogue.com.br\/novosite\/#website"},"primaryImageOfPage":{"@id":"https:\/\/medialogue.com.br\/novosite\/2017\/07\/doria-mais-comentado-alckmin-internet\/#primaryimage"},"image":{"@id":"https:\/\/medialogue.com.br\/novosite\/2017\/07\/doria-mais-comentado-alckmin-internet\/#primaryimage"},"thumbnailUrl":"https:\/\/medialogue.com.br\/novosite\/wp-content\/uploads\/2017\/07\/doria-alckmin-internet-medialogue.jpg","datePublished":"2017-07-03T23:03:09+00:00","dateModified":"2017-07-03T23:06:45+00:00","description":"Analisamos a conversa online de Jo\u00e3o Doria e Geraldo Alckmin na \u00faltima semana de junho e identificamos algumas das principais tend\u00eancias da discuss\u00e3o na web","breadcrumb":{"@id":"https:\/\/medialogue.com.br\/novosite\/2017\/07\/doria-mais-comentado-alckmin-internet\/#breadcrumb"},"inLanguage":"pt-BR","potentialAction":[{"@type":"ReadAction","target":["https:\/\/medialogue.com.br\/novosite\/2017\/07\/doria-mais-comentado-alckmin-internet\/"]}]},{"@type":"ImageObject","inLanguage":"pt-BR","@id":"https:\/\/medialogue.com.br\/novosite\/2017\/07\/doria-mais-comentado-alckmin-internet\/#primaryimage","url":"https:\/\/medialogue.com.br\/novosite\/wp-content\/uploads\/2017\/07\/doria-alckmin-internet-medialogue.jpg","contentUrl":"https:\/\/medialogue.com.br\/novosite\/wp-content\/uploads\/2017\/07\/doria-alckmin-internet-medialogue.jpg","width":1226,"height":437,"caption":"Doria e Alckmin nas redes sociais"},{"@type":"BreadcrumbList","@id":"https:\/\/medialogue.com.br\/novosite\/2017\/07\/doria-mais-comentado-alckmin-internet\/#breadcrumb","itemListElement":[{"@type":"ListItem","position":1,"name":"In\u00edcio","item":"https:\/\/medialogue.com.br\/novosite\/"},{"@type":"ListItem","position":2,"name":"Doria \u00e9 5 vezes mais comentado que Alckmin na internet"}]},{"@type":"WebSite","@id":"https:\/\/medialogue.com.br\/novosite\/#website","url":"https:\/\/medialogue.com.br\/novosite\/","name":"Medialogue","description":"Comunica\u00e7\u00e3o digital","publisher":{"@id":"https:\/\/medialogue.com.br\/novosite\/#organization"},"potentialAction":[{"@type":"SearchAction","target":{"@type":"EntryPoint","urlTemplate":"https:\/\/medialogue.com.br\/novosite\/?s={search_term_string}"},"query-input":{"@type":"PropertyValueSpecification","valueRequired":true,"valueName":"search_term_string"}}],"inLanguage":"pt-BR"},{"@type":"Organization","@id":"https:\/\/medialogue.com.br\/novosite\/#organization","name":"Medialogue","url":"https:\/\/medialogue.com.br\/novosite\/","logo":{"@type":"ImageObject","inLanguage":"pt-BR","@id":"https:\/\/medialogue.com.br\/novosite\/#\/schema\/logo\/image\/","url":"https:\/\/www.medialogue.com.br\/novosite\/wp-content\/uploads\/2015\/06\/medialogue_logo_fundopretoRGB_medio.jpg","contentUrl":"https:\/\/www.medialogue.com.br\/novosite\/wp-content\/uploads\/2015\/06\/medialogue_logo_fundopretoRGB_medio.jpg","width":450,"height":88,"caption":"Medialogue"},"image":{"@id":"https:\/\/medialogue.com.br\/novosite\/#\/schema\/logo\/image\/"},"sameAs":["http:\/\/www.facebook.com\/Medialogue","https:\/\/x.com\/Medialoguebr","http:\/\/www.linkedin.com\/company\/medialogue","https:\/\/www.youtube.com\/user\/Medialoguebr"]},{"@type":"Person","@id":"https:\/\/medialogue.com.br\/novosite\/#\/schema\/person\/7328d9e55d7f3de1e142dff54a929665","name":"Medialogue Digital","image":{"@type":"ImageObject","inLanguage":"pt-BR","@id":"https:\/\/medialogue.com.br\/novosite\/#\/schema\/person\/image\/","url":"https:\/\/secure.gravatar.com\/avatar\/b4a0174c84c2560b2d28411eba0a4d509090f5cfc201709cd093ea283208b561?s=96&d=mm&r=g","contentUrl":"https:\/\/secure.gravatar.com\/avatar\/b4a0174c84c2560b2d28411eba0a4d509090f5cfc201709cd093ea283208b561?s=96&d=mm&r=g","caption":"Medialogue Digital"},"url":"https:\/\/medialogue.com.br\/novosite\/author\/medialogue-digital\/"}]}},"wps_subtitle":"A Medialogue Digital monitorou uma amostra da conversa online referente a Jo\u00e3o Doria e Geraldo Alckmin entre 26\/06 a 02\/07\/2017 e identificou algumas das principais tend\u00eancias da discuss\u00e3o na web. ","amp_validity":null,"amp_enabled":true,"_links":{"self":[{"href":"https:\/\/medialogue.com.br\/novosite\/wp-json\/wp\/v2\/posts\/4226","targetHints":{"allow":["GET"]}}],"collection":[{"href":"https:\/\/medialogue.com.br\/novosite\/wp-json\/wp\/v2\/posts"}],"about":[{"href":"https:\/\/medialogue.com.br\/novosite\/wp-json\/wp\/v2\/types\/post"}],"author":[{"embeddable":true,"href":"https:\/\/medialogue.com.br\/novosite\/wp-json\/wp\/v2\/users\/13"}],"replies":[{"embeddable":true,"href":"https:\/\/medialogue.com.br\/novosite\/wp-json\/wp\/v2\/comments?post=4226"}],"version-history":[{"count":0,"href":"https:\/\/medialogue.com.br\/novosite\/wp-json\/wp\/v2\/posts\/4226\/revisions"}],"wp:featuredmedia":[{"embeddable":true,"href":"https:\/\/medialogue.com.br\/novosite\/wp-json\/wp\/v2\/media\/4231"}],"wp:attachment":[{"href":"https:\/\/medialogue.com.br\/novosite\/wp-json\/wp\/v2\/media?parent=4226"}],"wp:term":[{"taxonomy":"category","embeddable":true,"href":"https:\/\/medialogue.com.br\/novosite\/wp-json\/wp\/v2\/categories?post=4226"},{"taxonomy":"post_tag","embeddable":true,"href":"https:\/\/medialogue.com.br\/novosite\/wp-json\/wp\/v2\/tags?post=4226"}],"curies":[{"name":"wp","href":"https:\/\/api.w.org\/{rel}","templated":true}]}}