{"id":4214,"date":"2017-06-29T17:32:31","date_gmt":"2017-06-29T20:32:31","guid":{"rendered":"http:\/\/www.medialogue.com.br\/?p=4214"},"modified":"2017-07-27T20:05:50","modified_gmt":"2017-07-27T23:05:50","slug":"medialogue-lanca-canal-erich-fonoff","status":"publish","type":"post","link":"https:\/\/medialogue.com.br\/novosite\/2017\/06\/medialogue-lanca-canal-erich-fonoff\/","title":{"rendered":"Medialogue lan\u00e7a canal sobre doen\u00e7a de Parkinson com o neurocirurgi\u00e3o Erich Fonoff"},"content":{"rendered":"<p>A Medialogue Digital lan\u00e7ou em mar\u00e7o o projeto\u00a0Parkinson Hoje (<a href=\"http:\/\/www.parkinsonhoje.com.br\" target=\"_blank\">www.parkinsonhoje.com.br<\/a>), um canal e comunidade online que re\u00fane informa\u00e7\u00f5es, dicas e materiais educacionais para todos aqueles que convivem com a doen\u00e7a de Parkinson, incluindo pacientes, cuidadores, parentes, amigos e profissionais de sa\u00fade. Com dire\u00e7\u00e3o t\u00e9cnica do neurocirurgi\u00e3o Erich Fonoff, um dos maiores especialistas do Brasil, os canais de Parkinson Hoje oferecem informa\u00e7\u00f5es confi\u00e1veis relevantes e embasadas cientificamente.<\/p>\n<p><a href=\"https:\/\/www.medialogue.com.br\/novosite\/wp-content\/uploads\/2017\/06\/erich-fonoff-parkinson-hoje-medialogue.png\"><img loading=\"lazy\" decoding=\"async\" class=\"alignnone size-full wp-image-4215\" src=\"https:\/\/www.medialogue.com.br\/novosite\/wp-content\/uploads\/2017\/06\/erich-fonoff-parkinson-hoje-medialogue.png\" alt=\"Canal Parkinson Hoje da Medialogue com coordena\u00e7\u00e3o de Erich Fonoff\" width=\"1200\" height=\"700\" srcset=\"https:\/\/medialogue.com.br\/novosite\/wp-content\/uploads\/2017\/06\/erich-fonoff-parkinson-hoje-medialogue.png 1200w, https:\/\/medialogue.com.br\/novosite\/wp-content\/uploads\/2017\/06\/erich-fonoff-parkinson-hoje-medialogue-768x448.png 768w, https:\/\/medialogue.com.br\/novosite\/wp-content\/uploads\/2017\/06\/erich-fonoff-parkinson-hoje-medialogue-300x175.png 300w\" sizes=\"auto, (max-width: 1200px) 100vw, 1200px\" \/><\/a><\/p>\n<p>Com <a href=\"http:\/\/www.erichfonoff.com.br\/blog\" target=\"_blank\">blog<\/a>\u00a0e canais no <a href=\"http:\/\/www.facebook.com\/parkinsonhoje\" target=\"_blank\">Facebook<\/a> e <a href=\"http:\/\/www.youtube.com\/parkinsonhoje\" target=\"_blank\">YouTube<\/a>, <strong>Parkinson Hoje<\/strong> \u00e9 produzido por uma equipe de jornalistas especializados em sa\u00fade sob a orienta\u00e7\u00e3o t\u00e9cnica direta de m\u00e9dicos.\u00a0Com uma vis\u00e3o de esperan\u00e7a e otimismo em rela\u00e7\u00e3o aos novos avan\u00e7os da medicina na \u00e1rea, o prop\u00f3sito do canal \u00e9 responder aos questionamentos b\u00e1sicos sobre a doen\u00e7a e, sobretudo,\u00a0mostrar alternativas para se ter mais qualidade de vida e autonomia.<\/p>\n<p>Em pouco mais de tr\u00eas meses o canal j\u00e1 abordou novos tratamentos, mostrou aplicativos para smartphones, apresentou dicas para aumentar a seguran\u00e7a e o bem-estar e trouxe as novidades no campo da pesquisa.<\/p>\n<h3><strong>As cartilhas Parkinson Hoje<\/strong><\/h3>\n<p>O canal divulga mensalmente cartilhas abordando temas de interesse do paciente, como seguran\u00e7a, direitos e como estar no comando da doen\u00e7a. As seguintes cartilhas j\u00e1 est\u00e3o dispon\u00edveis para consulta em formato PDF e podem tamb\u00e9m ser baixadas e impressas:<\/p>\n<ul>\n<li><a href=\"http:\/\/www.erichfonoff.com.br\/cartilha-sinais-iniciais-do-parkinson\" target=\"_blank\">Como reconhecer os 10 sinais iniciais da doen\u00e7a de Parkinson<\/a><\/li>\n<li><a href=\"http:\/\/www.erichfonoff.com.br\/parkinson-pdf-casa-segura\" target=\"_blank\">Aprenda como manter a sua casa segura<\/a><\/li>\n<\/ul>\n<h3><strong>S\u00e9rie de v\u00eddeos \u201cDr. Erich Fonoff responde\u201d<\/strong><\/h3>\n<p>Para responder as principais perguntas e d\u00favidas sobre a doen\u00e7a de Parkinson, o canal do projeto no <a href=\"http:\/\/www.youtube.com\/parkinsonhoje\" target=\"_blank\">YouTube<\/a>\u00a0conta com uma <a href=\"https:\/\/www.erichfonoff.com.br\/erich-fonoff-responde-idade-doenca-de-parkinson\/\" target=\"_blank\">s\u00e9rie atualizada semanalmente com o Dr. Erich Fonoff<\/a>. Ser\u00e3o abordadas quest\u00f5es como o diagn\u00f3stico, tratamento e sintomas da doen\u00e7a.<\/p>\n<p><strong>Em que idade a doen\u00e7a de Parkinson \u00e9 mais comum?<\/strong><\/p>\n<p><iframe loading=\"lazy\" title=\"Dr. Erich Fonoff responde: Em que idade a doen\u00e7a de Parkinson \u00e9 mais comum?\" width=\"640\" height=\"360\" src=\"https:\/\/www.youtube.com\/embed\/mgxT67W3BlQ?start=7&#038;feature=oembed\" frameborder=\"0\" allow=\"accelerometer; autoplay; clipboard-write; encrypted-media; gyroscope; picture-in-picture; web-share\" referrerpolicy=\"strict-origin-when-cross-origin\" allowfullscreen><\/iframe><\/p>\n<p><strong>Quais s\u00e3o os sinais iniciais da doen\u00e7a de Parkinson?\u00a0<\/strong><\/p>\n<p><iframe loading=\"lazy\" title=\"Dr. Erich Fonoff responde: Quais s\u00e3o os sinais iniciais da doen\u00e7a de Parkinson?\" width=\"640\" height=\"360\" src=\"https:\/\/www.youtube.com\/embed\/fCHA6ax93PE?feature=oembed\" frameborder=\"0\" allow=\"accelerometer; autoplay; clipboard-write; encrypted-media; gyroscope; picture-in-picture; web-share\" referrerpolicy=\"strict-origin-when-cross-origin\" allowfullscreen><\/iframe><\/p>\n<p><strong>Existe cura para a doen\u00e7a de Parkinson?\u00a0<\/strong><\/p>\n<p><iframe loading=\"lazy\" title=\"Dr. Erich Fonoff responde: Existe cura para a doenc\u0327a de Parkinson?\" width=\"640\" height=\"360\" src=\"https:\/\/www.youtube.com\/embed\/Ix61jirUTQQ?start=1&#038;feature=oembed\" frameborder=\"0\" allow=\"accelerometer; autoplay; clipboard-write; encrypted-media; gyroscope; picture-in-picture; web-share\" referrerpolicy=\"strict-origin-when-cross-origin\" allowfullscreen><\/iframe><\/p>\n<h3><strong>Perfil do Dr. Erich Fonoff<\/strong><\/h3>\n<p>O <a href=\"http:\/\/www.erichfonoff.com.br\" target=\"_blank\">Dr. Erich Fonoff<\/a>,\u00a0diretor t\u00e9cnico do canal Parkinson Hoje, \u00e9 neurocirurgi\u00e3o e professor livre-docente do departamento de Neurologia da Faculdade de Medicina da Universidade de S\u00e3o Paulo (USP). O seu trabalho de pesquisa m\u00e9dica no campo do tratamento de doen\u00e7as neurol\u00f3gicas, realizado nos \u00faltimos 20 anos, j\u00e1 foi reconhecido pelas mais importantes institui\u00e7\u00f5es de pesquisa cient\u00edfica na Europa e nos Estados Unidos.<\/p>\n<p>Ele \u00e9 respons\u00e1vel por importantes descobertas sobre o tratamento da doen\u00e7a de Parkinson e outras doen\u00e7as neurol\u00f3gicas e pelo desenvolvimento tecnol\u00f3gico neste campo.<\/p>\n<p>Atuou como m\u00e9dico neurocirurgi\u00e3o na equipe do Hospital das Cl\u00ednicas da FMUSP e coordenou o Laborat\u00f3rio de Neuromodula\u00e7\u00e3o de Dor Experimental do Hospital S\u00edrio-Liban\u00eas.\u00a0Para <a href=\"https:\/\/www.erichfonoff.com.br\/biografia\/\" target=\"_blank\">saber mais clique aqui<\/a>.<\/p>\n<h3><strong>Nada substitui a opini\u00e3o de um m\u00e9dico<\/strong><\/h3>\n<p>O conte\u00fado dispon\u00edvel no canal Parkinson Hoje n\u00e3o se destina a substituir orienta\u00e7\u00f5es m\u00e9dicas, diagn\u00f3sticos, tratamentos ou qualquer aconselhamento dado por profissionais qualificados sob qualquer circunst\u00e2ncia. O leitor n\u00e3o deve se basear nas informa\u00e7\u00f5es fornecidas no canal Parkinson Hoje para elaborar um diagn\u00f3stico ou conduzir um tratamento. A palavra final \u00e9 sempre do m\u00e9dico. Nunca desconsidere ou postergue a busca pela opini\u00e3o de um m\u00e9dico baseado em conte\u00fados consultados neste ou em qualquer outro canal que divulgue informa\u00e7\u00f5es de sa\u00fade.<\/p>\n<p>O canal Parkinson Hoje utiliza-se apenas de fontes reconhecidas pela classe m\u00e9dica e cient\u00edfica pelo rigor no trato das informa\u00e7\u00f5es. Al\u00e9m disso, a equipe adota crit\u00e9rios jornal\u00edsticos de checagem antes de publicar qualquer informa\u00e7\u00e3o. Pedimos que qualquer erro identificado pelos leitores seja comunicado imediatamente \u00e0 nossa equipe para que eventuais corre\u00e7\u00f5es possam ser feitas.<\/p>\n<p>O canal Parkinson Hoje tem car\u00e1ter exclusivo de esclarecimento e educa\u00e7\u00e3o \u00e0 sociedade e \u00e9 produzido de acordo com as normas da resolu\u00e7\u00e3o CFM N\u00ba 1.974\/2011.<\/p>\n<hr \/>\n<article id=\"post-4178\" class=\"post-4178 post type-post status-publish format-standard has-post-thumbnail hentry category-alexandre-secco category-medialogue category-redes-sociais category-reputacao-digital tag-alexandre-secco tag-orm tag-redes-sociais tag-reputacao-digital\">\n<div class=\"entry-content\">\n<p><em>A <strong>Medialogue Digital<\/strong> foi criada h\u00e1 quase dez anos com o prop\u00f3sito de oferecer servi\u00e7os de comunica\u00e7\u00e3o digital associando tecnologia com a melhor tradi\u00e7\u00e3o do jornalismo. J\u00e1 trabalhamos ao lado de presidentes, ministros do Supremo, CEOs, prefeituras, empresas listadas entre as maiores do pa\u00eds e algumas das mais influentes ONGs brasileiras. \u00c9 a empresa por tr\u00e1s do <a href=\"http:\/\/rg.medialogue.com.br\/sobre\" target=\"_blank\">Reputation Guardian<\/a>, uma su\u00edte de servi\u00e7os para enfrentar ataques difamat\u00f3rios e promover presen\u00e7a positiva no Google e nas redes sociais.\u00a0<a href=\"http:\/\/www.medialogue.com.br\/publicacoes\/\" target=\"_blank\">Para baixar outras pesquisas visite o nosso site<\/a>.<\/em><\/p>\n<\/div>\n<\/article>\n","protected":false},"excerpt":{"rendered":"<p>Medialogue lan\u00e7a canal informativo sobre doen\u00e7a de Parkinson com coordena\u00e7\u00e3o do neurocirurgi\u00e3o Erich Fonoff. Projeto Parkinson Hoje traz informa\u00e7\u00f5es sobre a doen\u00e7a de Parkinson para que pacientes possam viver com mais qualidade, independ\u00eancia e autonomia.<\/p>\n","protected":false},"author":13,"featured_media":4215,"comment_status":"open","ping_status":"open","sticky":false,"template":"","format":"standard","meta":{"_acf_changed":false,"footnotes":""},"categories":[49,43,28],"tags":[],"class_list":["post-4214","post","type-post","status-publish","format-standard","has-post-thumbnail","hentry","category-medialogue","category-projetos","category-redes-sociais"],"acf":[],"yoast_head":"<!-- This site is optimized with the Yoast SEO plugin v24.2 - https:\/\/yoast.com\/wordpress\/plugins\/seo\/ -->\n<title>Medialogue lan\u00e7a canal sobre Parkinson com Erich Fonoff<\/title>\n<meta name=\"description\" content=\"Parkinson Hoje \u00e9 canal online que re\u00fane informa\u00e7\u00f5es e materiais educacionais sobre a doen\u00e7a de Parkinson com dire\u00e7\u00e3o t\u00e9cnica do neurocirurgi\u00e3o Erich Fonoff.\" \/>\n<meta name=\"robots\" content=\"index, follow, max-snippet:-1, max-image-preview:large, max-video-preview:-1\" \/>\n<link rel=\"canonical\" href=\"https:\/\/medialogue.com.br\/novosite\/2017\/06\/medialogue-lanca-canal-erich-fonoff\/\" \/>\n<meta property=\"og:locale\" content=\"pt_BR\" \/>\n<meta property=\"og:type\" content=\"article\" \/>\n<meta property=\"og:title\" content=\"Medialogue lan\u00e7a canal sobre Parkinson com Erich Fonoff\" \/>\n<meta property=\"og:description\" content=\"Parkinson Hoje \u00e9 canal online que re\u00fane informa\u00e7\u00f5es e materiais educacionais sobre a doen\u00e7a de Parkinson com dire\u00e7\u00e3o t\u00e9cnica do neurocirurgi\u00e3o Erich Fonoff.\" \/>\n<meta property=\"og:url\" content=\"https:\/\/medialogue.com.br\/novosite\/2017\/06\/medialogue-lanca-canal-erich-fonoff\/\" \/>\n<meta property=\"og:site_name\" content=\"Medialogue\" \/>\n<meta property=\"article:publisher\" content=\"http:\/\/www.facebook.com\/Medialogue\" \/>\n<meta property=\"article:published_time\" content=\"2017-06-29T20:32:31+00:00\" \/>\n<meta property=\"article:modified_time\" content=\"2017-07-27T23:05:50+00:00\" \/>\n<meta property=\"og:image\" content=\"https:\/\/medialogue.com.br\/novosite\/wp-content\/uploads\/2017\/06\/erich-fonoff-parkinson-hoje-medialogue.png\" \/>\n\t<meta property=\"og:image:width\" content=\"1200\" \/>\n\t<meta property=\"og:image:height\" content=\"700\" \/>\n\t<meta property=\"og:image:type\" content=\"image\/png\" \/>\n<meta name=\"author\" content=\"Medialogue Digital\" \/>\n<meta name=\"twitter:card\" content=\"summary_large_image\" \/>\n<meta name=\"twitter:creator\" content=\"@Medialoguebr\" \/>\n<meta name=\"twitter:site\" content=\"@Medialoguebr\" \/>\n<meta name=\"twitter:label1\" content=\"Escrito por\" \/>\n\t<meta name=\"twitter:data1\" content=\"Medialogue Digital\" \/>\n\t<meta name=\"twitter:label2\" content=\"Est. tempo de leitura\" \/>\n\t<meta name=\"twitter:data2\" content=\"4 minutos\" \/>\n<script type=\"application\/ld+json\" class=\"yoast-schema-graph\">{\"@context\":\"https:\/\/schema.org\",\"@graph\":[{\"@type\":\"Article\",\"@id\":\"https:\/\/medialogue.com.br\/novosite\/2017\/06\/medialogue-lanca-canal-erich-fonoff\/#article\",\"isPartOf\":{\"@id\":\"https:\/\/medialogue.com.br\/novosite\/2017\/06\/medialogue-lanca-canal-erich-fonoff\/\"},\"author\":{\"name\":\"Medialogue Digital\",\"@id\":\"https:\/\/medialogue.com.br\/novosite\/#\/schema\/person\/7328d9e55d7f3de1e142dff54a929665\"},\"headline\":\"Medialogue lan\u00e7a canal sobre doen\u00e7a de Parkinson com o neurocirurgi\u00e3o Erich Fonoff\",\"datePublished\":\"2017-06-29T20:32:31+00:00\",\"dateModified\":\"2017-07-27T23:05:50+00:00\",\"mainEntityOfPage\":{\"@id\":\"https:\/\/medialogue.com.br\/novosite\/2017\/06\/medialogue-lanca-canal-erich-fonoff\/\"},\"wordCount\":810,\"commentCount\":0,\"publisher\":{\"@id\":\"https:\/\/medialogue.com.br\/novosite\/#organization\"},\"image\":{\"@id\":\"https:\/\/medialogue.com.br\/novosite\/2017\/06\/medialogue-lanca-canal-erich-fonoff\/#primaryimage\"},\"thumbnailUrl\":\"https:\/\/medialogue.com.br\/novosite\/wp-content\/uploads\/2017\/06\/erich-fonoff-parkinson-hoje-medialogue.png\",\"articleSection\":[\"Medialogue\",\"Projetos\",\"Redes sociais\"],\"inLanguage\":\"pt-BR\",\"potentialAction\":[{\"@type\":\"CommentAction\",\"name\":\"Comment\",\"target\":[\"https:\/\/medialogue.com.br\/novosite\/2017\/06\/medialogue-lanca-canal-erich-fonoff\/#respond\"]}]},{\"@type\":\"WebPage\",\"@id\":\"https:\/\/medialogue.com.br\/novosite\/2017\/06\/medialogue-lanca-canal-erich-fonoff\/\",\"url\":\"https:\/\/medialogue.com.br\/novosite\/2017\/06\/medialogue-lanca-canal-erich-fonoff\/\",\"name\":\"Medialogue lan\u00e7a canal sobre Parkinson com Erich Fonoff\",\"isPartOf\":{\"@id\":\"https:\/\/medialogue.com.br\/novosite\/#website\"},\"primaryImageOfPage\":{\"@id\":\"https:\/\/medialogue.com.br\/novosite\/2017\/06\/medialogue-lanca-canal-erich-fonoff\/#primaryimage\"},\"image\":{\"@id\":\"https:\/\/medialogue.com.br\/novosite\/2017\/06\/medialogue-lanca-canal-erich-fonoff\/#primaryimage\"},\"thumbnailUrl\":\"https:\/\/medialogue.com.br\/novosite\/wp-content\/uploads\/2017\/06\/erich-fonoff-parkinson-hoje-medialogue.png\",\"datePublished\":\"2017-06-29T20:32:31+00:00\",\"dateModified\":\"2017-07-27T23:05:50+00:00\",\"description\":\"Parkinson Hoje \u00e9 canal online que re\u00fane informa\u00e7\u00f5es e materiais educacionais sobre a doen\u00e7a de Parkinson com dire\u00e7\u00e3o t\u00e9cnica do neurocirurgi\u00e3o Erich Fonoff.\",\"breadcrumb\":{\"@id\":\"https:\/\/medialogue.com.br\/novosite\/2017\/06\/medialogue-lanca-canal-erich-fonoff\/#breadcrumb\"},\"inLanguage\":\"pt-BR\",\"potentialAction\":[{\"@type\":\"ReadAction\",\"target\":[\"https:\/\/medialogue.com.br\/novosite\/2017\/06\/medialogue-lanca-canal-erich-fonoff\/\"]}]},{\"@type\":\"ImageObject\",\"inLanguage\":\"pt-BR\",\"@id\":\"https:\/\/medialogue.com.br\/novosite\/2017\/06\/medialogue-lanca-canal-erich-fonoff\/#primaryimage\",\"url\":\"https:\/\/medialogue.com.br\/novosite\/wp-content\/uploads\/2017\/06\/erich-fonoff-parkinson-hoje-medialogue.png\",\"contentUrl\":\"https:\/\/medialogue.com.br\/novosite\/wp-content\/uploads\/2017\/06\/erich-fonoff-parkinson-hoje-medialogue.png\",\"width\":1200,\"height\":700,\"caption\":\"Canal Parkinson Hoje da Medialogue com coordena\u00e7\u00e3o de Erich Fonoff\"},{\"@type\":\"BreadcrumbList\",\"@id\":\"https:\/\/medialogue.com.br\/novosite\/2017\/06\/medialogue-lanca-canal-erich-fonoff\/#breadcrumb\",\"itemListElement\":[{\"@type\":\"ListItem\",\"position\":1,\"name\":\"In\u00edcio\",\"item\":\"https:\/\/medialogue.com.br\/novosite\/\"},{\"@type\":\"ListItem\",\"position\":2,\"name\":\"Medialogue lan\u00e7a canal sobre doen\u00e7a de Parkinson com o neurocirurgi\u00e3o Erich Fonoff\"}]},{\"@type\":\"WebSite\",\"@id\":\"https:\/\/medialogue.com.br\/novosite\/#website\",\"url\":\"https:\/\/medialogue.com.br\/novosite\/\",\"name\":\"Medialogue\",\"description\":\"Comunica\u00e7\u00e3o digital\",\"publisher\":{\"@id\":\"https:\/\/medialogue.com.br\/novosite\/#organization\"},\"potentialAction\":[{\"@type\":\"SearchAction\",\"target\":{\"@type\":\"EntryPoint\",\"urlTemplate\":\"https:\/\/medialogue.com.br\/novosite\/?s={search_term_string}\"},\"query-input\":{\"@type\":\"PropertyValueSpecification\",\"valueRequired\":true,\"valueName\":\"search_term_string\"}}],\"inLanguage\":\"pt-BR\"},{\"@type\":\"Organization\",\"@id\":\"https:\/\/medialogue.com.br\/novosite\/#organization\",\"name\":\"Medialogue\",\"url\":\"https:\/\/medialogue.com.br\/novosite\/\",\"logo\":{\"@type\":\"ImageObject\",\"inLanguage\":\"pt-BR\",\"@id\":\"https:\/\/medialogue.com.br\/novosite\/#\/schema\/logo\/image\/\",\"url\":\"https:\/\/www.medialogue.com.br\/novosite\/wp-content\/uploads\/2015\/06\/medialogue_logo_fundopretoRGB_medio.jpg\",\"contentUrl\":\"https:\/\/www.medialogue.com.br\/novosite\/wp-content\/uploads\/2015\/06\/medialogue_logo_fundopretoRGB_medio.jpg\",\"width\":450,\"height\":88,\"caption\":\"Medialogue\"},\"image\":{\"@id\":\"https:\/\/medialogue.com.br\/novosite\/#\/schema\/logo\/image\/\"},\"sameAs\":[\"http:\/\/www.facebook.com\/Medialogue\",\"https:\/\/x.com\/Medialoguebr\",\"http:\/\/www.linkedin.com\/company\/medialogue\",\"https:\/\/www.youtube.com\/user\/Medialoguebr\"]},{\"@type\":\"Person\",\"@id\":\"https:\/\/medialogue.com.br\/novosite\/#\/schema\/person\/7328d9e55d7f3de1e142dff54a929665\",\"name\":\"Medialogue Digital\",\"image\":{\"@type\":\"ImageObject\",\"inLanguage\":\"pt-BR\",\"@id\":\"https:\/\/medialogue.com.br\/novosite\/#\/schema\/person\/image\/\",\"url\":\"https:\/\/secure.gravatar.com\/avatar\/b4a0174c84c2560b2d28411eba0a4d509090f5cfc201709cd093ea283208b561?s=96&d=mm&r=g\",\"contentUrl\":\"https:\/\/secure.gravatar.com\/avatar\/b4a0174c84c2560b2d28411eba0a4d509090f5cfc201709cd093ea283208b561?s=96&d=mm&r=g\",\"caption\":\"Medialogue Digital\"},\"url\":\"https:\/\/medialogue.com.br\/novosite\/author\/medialogue-digital\/\"}]}<\/script>\n<!-- \/ Yoast SEO plugin. -->","yoast_head_json":{"title":"Medialogue lan\u00e7a canal sobre Parkinson com Erich Fonoff","description":"Parkinson Hoje \u00e9 canal online que re\u00fane informa\u00e7\u00f5es e materiais educacionais sobre a doen\u00e7a de Parkinson com dire\u00e7\u00e3o t\u00e9cnica do neurocirurgi\u00e3o Erich Fonoff.","robots":{"index":"index","follow":"follow","max-snippet":"max-snippet:-1","max-image-preview":"max-image-preview:large","max-video-preview":"max-video-preview:-1"},"canonical":"https:\/\/medialogue.com.br\/novosite\/2017\/06\/medialogue-lanca-canal-erich-fonoff\/","og_locale":"pt_BR","og_type":"article","og_title":"Medialogue lan\u00e7a canal sobre Parkinson com Erich Fonoff","og_description":"Parkinson Hoje \u00e9 canal online que re\u00fane informa\u00e7\u00f5es e materiais educacionais sobre a doen\u00e7a de Parkinson com dire\u00e7\u00e3o t\u00e9cnica do neurocirurgi\u00e3o Erich Fonoff.","og_url":"https:\/\/medialogue.com.br\/novosite\/2017\/06\/medialogue-lanca-canal-erich-fonoff\/","og_site_name":"Medialogue","article_publisher":"http:\/\/www.facebook.com\/Medialogue","article_published_time":"2017-06-29T20:32:31+00:00","article_modified_time":"2017-07-27T23:05:50+00:00","og_image":[{"width":1200,"height":700,"url":"https:\/\/medialogue.com.br\/novosite\/wp-content\/uploads\/2017\/06\/erich-fonoff-parkinson-hoje-medialogue.png","type":"image\/png"}],"author":"Medialogue Digital","twitter_card":"summary_large_image","twitter_creator":"@Medialoguebr","twitter_site":"@Medialoguebr","twitter_misc":{"Escrito por":"Medialogue Digital","Est. tempo de leitura":"4 minutos"},"schema":{"@context":"https:\/\/schema.org","@graph":[{"@type":"Article","@id":"https:\/\/medialogue.com.br\/novosite\/2017\/06\/medialogue-lanca-canal-erich-fonoff\/#article","isPartOf":{"@id":"https:\/\/medialogue.com.br\/novosite\/2017\/06\/medialogue-lanca-canal-erich-fonoff\/"},"author":{"name":"Medialogue Digital","@id":"https:\/\/medialogue.com.br\/novosite\/#\/schema\/person\/7328d9e55d7f3de1e142dff54a929665"},"headline":"Medialogue lan\u00e7a canal sobre doen\u00e7a de Parkinson com o neurocirurgi\u00e3o Erich Fonoff","datePublished":"2017-06-29T20:32:31+00:00","dateModified":"2017-07-27T23:05:50+00:00","mainEntityOfPage":{"@id":"https:\/\/medialogue.com.br\/novosite\/2017\/06\/medialogue-lanca-canal-erich-fonoff\/"},"wordCount":810,"commentCount":0,"publisher":{"@id":"https:\/\/medialogue.com.br\/novosite\/#organization"},"image":{"@id":"https:\/\/medialogue.com.br\/novosite\/2017\/06\/medialogue-lanca-canal-erich-fonoff\/#primaryimage"},"thumbnailUrl":"https:\/\/medialogue.com.br\/novosite\/wp-content\/uploads\/2017\/06\/erich-fonoff-parkinson-hoje-medialogue.png","articleSection":["Medialogue","Projetos","Redes sociais"],"inLanguage":"pt-BR","potentialAction":[{"@type":"CommentAction","name":"Comment","target":["https:\/\/medialogue.com.br\/novosite\/2017\/06\/medialogue-lanca-canal-erich-fonoff\/#respond"]}]},{"@type":"WebPage","@id":"https:\/\/medialogue.com.br\/novosite\/2017\/06\/medialogue-lanca-canal-erich-fonoff\/","url":"https:\/\/medialogue.com.br\/novosite\/2017\/06\/medialogue-lanca-canal-erich-fonoff\/","name":"Medialogue lan\u00e7a canal sobre Parkinson com Erich Fonoff","isPartOf":{"@id":"https:\/\/medialogue.com.br\/novosite\/#website"},"primaryImageOfPage":{"@id":"https:\/\/medialogue.com.br\/novosite\/2017\/06\/medialogue-lanca-canal-erich-fonoff\/#primaryimage"},"image":{"@id":"https:\/\/medialogue.com.br\/novosite\/2017\/06\/medialogue-lanca-canal-erich-fonoff\/#primaryimage"},"thumbnailUrl":"https:\/\/medialogue.com.br\/novosite\/wp-content\/uploads\/2017\/06\/erich-fonoff-parkinson-hoje-medialogue.png","datePublished":"2017-06-29T20:32:31+00:00","dateModified":"2017-07-27T23:05:50+00:00","description":"Parkinson Hoje \u00e9 canal online que re\u00fane informa\u00e7\u00f5es e materiais educacionais sobre a doen\u00e7a de Parkinson com dire\u00e7\u00e3o t\u00e9cnica do neurocirurgi\u00e3o Erich Fonoff.","breadcrumb":{"@id":"https:\/\/medialogue.com.br\/novosite\/2017\/06\/medialogue-lanca-canal-erich-fonoff\/#breadcrumb"},"inLanguage":"pt-BR","potentialAction":[{"@type":"ReadAction","target":["https:\/\/medialogue.com.br\/novosite\/2017\/06\/medialogue-lanca-canal-erich-fonoff\/"]}]},{"@type":"ImageObject","inLanguage":"pt-BR","@id":"https:\/\/medialogue.com.br\/novosite\/2017\/06\/medialogue-lanca-canal-erich-fonoff\/#primaryimage","url":"https:\/\/medialogue.com.br\/novosite\/wp-content\/uploads\/2017\/06\/erich-fonoff-parkinson-hoje-medialogue.png","contentUrl":"https:\/\/medialogue.com.br\/novosite\/wp-content\/uploads\/2017\/06\/erich-fonoff-parkinson-hoje-medialogue.png","width":1200,"height":700,"caption":"Canal Parkinson Hoje da Medialogue com coordena\u00e7\u00e3o de Erich Fonoff"},{"@type":"BreadcrumbList","@id":"https:\/\/medialogue.com.br\/novosite\/2017\/06\/medialogue-lanca-canal-erich-fonoff\/#breadcrumb","itemListElement":[{"@type":"ListItem","position":1,"name":"In\u00edcio","item":"https:\/\/medialogue.com.br\/novosite\/"},{"@type":"ListItem","position":2,"name":"Medialogue lan\u00e7a canal sobre doen\u00e7a de Parkinson com o neurocirurgi\u00e3o Erich Fonoff"}]},{"@type":"WebSite","@id":"https:\/\/medialogue.com.br\/novosite\/#website","url":"https:\/\/medialogue.com.br\/novosite\/","name":"Medialogue","description":"Comunica\u00e7\u00e3o digital","publisher":{"@id":"https:\/\/medialogue.com.br\/novosite\/#organization"},"potentialAction":[{"@type":"SearchAction","target":{"@type":"EntryPoint","urlTemplate":"https:\/\/medialogue.com.br\/novosite\/?s={search_term_string}"},"query-input":{"@type":"PropertyValueSpecification","valueRequired":true,"valueName":"search_term_string"}}],"inLanguage":"pt-BR"},{"@type":"Organization","@id":"https:\/\/medialogue.com.br\/novosite\/#organization","name":"Medialogue","url":"https:\/\/medialogue.com.br\/novosite\/","logo":{"@type":"ImageObject","inLanguage":"pt-BR","@id":"https:\/\/medialogue.com.br\/novosite\/#\/schema\/logo\/image\/","url":"https:\/\/www.medialogue.com.br\/novosite\/wp-content\/uploads\/2015\/06\/medialogue_logo_fundopretoRGB_medio.jpg","contentUrl":"https:\/\/www.medialogue.com.br\/novosite\/wp-content\/uploads\/2015\/06\/medialogue_logo_fundopretoRGB_medio.jpg","width":450,"height":88,"caption":"Medialogue"},"image":{"@id":"https:\/\/medialogue.com.br\/novosite\/#\/schema\/logo\/image\/"},"sameAs":["http:\/\/www.facebook.com\/Medialogue","https:\/\/x.com\/Medialoguebr","http:\/\/www.linkedin.com\/company\/medialogue","https:\/\/www.youtube.com\/user\/Medialoguebr"]},{"@type":"Person","@id":"https:\/\/medialogue.com.br\/novosite\/#\/schema\/person\/7328d9e55d7f3de1e142dff54a929665","name":"Medialogue Digital","image":{"@type":"ImageObject","inLanguage":"pt-BR","@id":"https:\/\/medialogue.com.br\/novosite\/#\/schema\/person\/image\/","url":"https:\/\/secure.gravatar.com\/avatar\/b4a0174c84c2560b2d28411eba0a4d509090f5cfc201709cd093ea283208b561?s=96&d=mm&r=g","contentUrl":"https:\/\/secure.gravatar.com\/avatar\/b4a0174c84c2560b2d28411eba0a4d509090f5cfc201709cd093ea283208b561?s=96&d=mm&r=g","caption":"Medialogue Digital"},"url":"https:\/\/medialogue.com.br\/novosite\/author\/medialogue-digital\/"}]}},"wps_subtitle":"Projeto Parkinson Hoje traz informa\u00e7\u00f5es sobre a doen\u00e7a de Parkinson para que pacientes possam viver com mais qualidade, independ\u00eancia e autonomia","amp_validity":null,"amp_enabled":true,"_links":{"self":[{"href":"https:\/\/medialogue.com.br\/novosite\/wp-json\/wp\/v2\/posts\/4214","targetHints":{"allow":["GET"]}}],"collection":[{"href":"https:\/\/medialogue.com.br\/novosite\/wp-json\/wp\/v2\/posts"}],"about":[{"href":"https:\/\/medialogue.com.br\/novosite\/wp-json\/wp\/v2\/types\/post"}],"author":[{"embeddable":true,"href":"https:\/\/medialogue.com.br\/novosite\/wp-json\/wp\/v2\/users\/13"}],"replies":[{"embeddable":true,"href":"https:\/\/medialogue.com.br\/novosite\/wp-json\/wp\/v2\/comments?post=4214"}],"version-history":[{"count":0,"href":"https:\/\/medialogue.com.br\/novosite\/wp-json\/wp\/v2\/posts\/4214\/revisions"}],"wp:featuredmedia":[{"embeddable":true,"href":"https:\/\/medialogue.com.br\/novosite\/wp-json\/wp\/v2\/media\/4215"}],"wp:attachment":[{"href":"https:\/\/medialogue.com.br\/novosite\/wp-json\/wp\/v2\/media?parent=4214"}],"wp:term":[{"taxonomy":"category","embeddable":true,"href":"https:\/\/medialogue.com.br\/novosite\/wp-json\/wp\/v2\/categories?post=4214"},{"taxonomy":"post_tag","embeddable":true,"href":"https:\/\/medialogue.com.br\/novosite\/wp-json\/wp\/v2\/tags?post=4214"}],"curies":[{"name":"wp","href":"https:\/\/api.w.org\/{rel}","templated":true}]}}