{"id":4155,"date":"2017-05-05T10:59:14","date_gmt":"2017-05-05T13:59:14","guid":{"rendered":"http:\/\/www.medialogue.com.br\/?p=4155"},"modified":"2017-08-03T10:35:27","modified_gmt":"2017-08-03T13:35:27","slug":"joao-doria-no-facebook","status":"publish","type":"post","link":"https:\/\/medialogue.com.br\/novosite\/2017\/05\/joao-doria-no-facebook\/","title":{"rendered":"Jo\u00e3o Doria n\u00e3o brilha sozinho nas redes sociais"},"content":{"rendered":"<h3><em>Estudo da Medialogue mostra os prefeitos que t\u00eam os melhores indicadores no Facebook.<\/em><\/h3>\n<p><!--more--><\/p>\n<h3><a href=\"https:\/\/www.medialogue.com.br\/novosite\/wp-content\/uploads\/2017\/08\/doria-nao-brilha-sozinho.jpg\"><img loading=\"lazy\" decoding=\"async\" class=\"alignnone size-full wp-image-4294\" src=\"https:\/\/www.medialogue.com.br\/novosite\/wp-content\/uploads\/2017\/08\/doria-nao-brilha-sozinho.jpg\" alt=\"\" width=\"1800\" height=\"1198\" srcset=\"https:\/\/medialogue.com.br\/novosite\/wp-content\/uploads\/2017\/08\/doria-nao-brilha-sozinho.jpg 1800w, https:\/\/medialogue.com.br\/novosite\/wp-content\/uploads\/2017\/08\/doria-nao-brilha-sozinho-768x511.jpg 768w, https:\/\/medialogue.com.br\/novosite\/wp-content\/uploads\/2017\/08\/doria-nao-brilha-sozinho-300x200.jpg 300w\" sizes=\"auto, (max-width: 1800px) 100vw, 1800px\" \/><\/a><\/h3>\n<p>O prefeito de S\u00e3o Paulo, Jo\u00e3o Doria (PSDB), parece ser o queridinho da vez entre os pol\u00edticos com presen\u00e7a importante nas redes sociais. Segundo uma <a href=\"http:\/\/www.medialogue.com.br\/prefeitosnofacebook\/\" target=\"_blank\">nova pesquisa<\/a>\u00a0lan\u00e7ada nesta semana pela Medialogue Digital e <a href=\"http:\/\/rg.medialogue.com.br\/sobre\" target=\"_blank\">Reputation Guardian<\/a>, ele \u00e9 o recordista em n\u00fameros absolutos entre os prefeitos de capitais com 2,4 milh\u00f5es de f\u00e3s no Facebook e posts que s\u00e3o compartilhados por 13 mil pessoas em m\u00e9dia.\u00a0Aparentemente a p\u00e1gina de Doria no Facebook tornou-se um canal de comunica\u00e7\u00e3o muito eficiente.<\/p>\n<p><strong><a href=\"http:\/\/medialogue.com.br\/prefeitosnofacebook\/\" target=\"_blank\">Clique para baixar o ranking dos prefeitos no Facebook<\/a>.<\/strong><\/p>\n<p>Os dados absolutos s\u00e3o importantes. A p\u00e1gina de Doria no Facebook cresceu rapidamente nos 100 primeiros dias da sua gest\u00e3o, ampliando em seis vezes a sua audi\u00eancia. Mas \u00e9 importante lembrar que S\u00e3o Paulo tem quase 9 milh\u00f5es de eleitores, portanto \u00e9 natural que o prefeito da cidade registre os maiores n\u00fameros. Em outros indicadores importantes o destaque fica para outros prefeitos.<\/p>\n<p>Segundo <a href=\"http:\/\/www.medialogue.com.br\/category\/alexandre-secco\/\" target=\"_blank\">Alexandre Secco<\/a>, diretor geral da Medialogue, o segredo para construir canais eficientes nas redes sociais \u00e9 a consist\u00eancia. V\u00e1rios pol\u00edticos j\u00e1 \u201cexplodiram\u201d nas redes sociais no come\u00e7o de seus mandatos, quando s\u00e3o uma novidade. Dilma Rousseff \u00e9 um dos casos mais not\u00f3rios. Ela chegou a ter mais de 4 milh\u00f5es de seguidores no Twitter, mas n\u00e3o conseguiu segurar sua audi\u00eancia e em poucos meses o canal acabou esvaziado.<\/p>\n<h3><strong>Quem bate Jo\u00e3o Doria no Facebook?<\/strong><\/h3>\n<p>Teresa Surita (PMDB), prefeita de Boa Vista, \u00e9 quem tem a rede mais ampla quando se avalia a rela\u00e7\u00e3o entre f\u00e3s e eleitores. Ela tem no Facebook um n\u00famero equivalente a cerca de cinco vezes os eleitores da cidade que comanda. O n\u00famero pode parecer absurdo, mas na verdade indica uma estrat\u00e9gia de longo prazo. A p\u00e1gina de Surita est\u00e1 ativa pelo menos desde 2011, quando era deputada federal por Roraima. Naquela \u00e9poca j\u00e1 havia sido prefeita de Boa Vista duas vezes, e hoje cumpre o seu quinto mandato.<\/p>\n<p>Entre os destaques pontuais est\u00e1 Rafael Greca (PMN), prefeito de Curitiba, que \u00e9 o mais produtivo do Facebook. Em m\u00e9dia a sua p\u00e1gina faz mais de 5 postagens por dia. Ele tamb\u00e9m est\u00e1 empatado com Jo\u00e3o Doria no que diz respeito ao n\u00famero de compartilhamentos em rela\u00e7\u00e3o ao total de f\u00e3s de cada p\u00e1gina. Ambos registraram uma m\u00e9dia de 69 coment\u00e1rios para cada 100 f\u00e3s da p\u00e1gina no per\u00edodo analisado pela pesquisa.<\/p>\n<p>Dr. Hildon (PSDB), prefeito de Porto Velho, est\u00e1 entre as p\u00e1ginas de menor audi\u00eancia, com pouco mais de 28,5 mil f\u00e3s, mas \u00e9 campe\u00e3o em um indicador importante. Mais de 80% dos posts realizados na sua p\u00e1gina s\u00e3o v\u00eddeos, o formato que na m\u00e9dia gera mais engajamento dos f\u00e3s. Na p\u00e1gina de Doria, o segundo colocado, 57% dos posts s\u00e3o v\u00eddeos.<\/p>\n<p>No quesito de resposta aos f\u00e3s, o destaque \u00e9 o prefeito de S\u00e3o Lu\u00eds, Edivaldo Holanda Junior (PDT). A pesquisa avalia dois pontos para medir qual o n\u00edvel de resposta de cada prefeito: se a p\u00e1gina possui uma forma de enviar mensagens diretas, e se a p\u00e1gina responde diretamente os f\u00e3s que fazem coment\u00e1rios nas postagens considerando os dez posts mais recentes no momento de levantamento de dados. O prefeito de S\u00e3o Lu\u00eds foi o \u00fanico da lista a tirar a nota m\u00e1ximo nesse indicador.<\/p>\n<p><strong><a href=\"http:\/\/www.medialogue.com.br\/prefeitosnofacebook\/\" target=\"_blank\">Clique para baixar a pesquisa completa<\/a>.<\/strong><\/p>\n<p><em>A <strong>Medialogue Digital<\/strong> foi criada h\u00e1 quase dez anos com o prop\u00f3sito de oferecer servi\u00e7os de comunica\u00e7\u00e3o digital associando tecnologia com a melhor tradi\u00e7\u00e3o do jornalismo. J\u00e1 trabalhamos ao lado de presidentes, ministros do Supremo, CEOs, prefeituras, empresas listadas entre as maiores do pa\u00eds e algumas das mais influentes ONGs brasileiras. \u00c9 a empresa por tr\u00e1s do <a href=\"http:\/\/rg.medialogue.com.br\/sobre\" target=\"_blank\">Reputation Guardian<\/a>, uma su\u00edte de servi\u00e7os para enfrentar ataques difamat\u00f3rios e promover presen\u00e7a positiva no Google e nas redes sociais.\u00a0<a href=\"http:\/\/www.medialogue.com.br\/publicacoes\/\" target=\"_blank\">Para baixar outras pesquisas visite o nosso site<\/a>.<\/em><\/p>\n<p><a href=\"https:\/\/www.linkedin.com\/in\/alexsecco\/recent-activity\/posts\/\" target=\"_blank\"><em><strong>Alexandre Secco<\/strong><\/em><\/a><em>\u00a0<\/em><em>\u00e9 especialista em comunica\u00e7\u00e3o digital e s\u00f3cio-diretor geral da Medialogue Digital, empresa por tr\u00e1s da su\u00edte Reputation Guardian, e l\u00edder do comit\u00ea de Marketing Pol\u00edtico Digital da Abradi (Associa\u00e7\u00e3o Brasileira de Agentes Digitais), Como consultor, trabalhou para pol\u00edticos de primeiro escal\u00e3o, algumas das maiores empresas brasileiras e as maiores e mais influentes ONGs do pa\u00eds.<\/em><\/p>\n<p>Foto: Cacalos Garrastazu<\/p>\n","protected":false},"excerpt":{"rendered":"<p>Estudo da Medialogue mostra os prefeitos que t\u00eam os melhores indicadores no Facebook.<\/p>\n","protected":false},"author":13,"featured_media":4294,"comment_status":"open","ping_status":"open","sticky":false,"template":"","format":"standard","meta":{"_acf_changed":false,"footnotes":""},"categories":[52,30,27,53,28,47,66],"tags":[57,31,13,33,56,41],"class_list":["post-4155","post","type-post","status-publish","format-standard","has-post-thumbnail","hentry","category-alexandre-secco","category-pesquisa","category-politica","category-politico-digital","category-redes-sociais","category-reputacao-digital","category-social-cities","tag-alexandre-secco","tag-cidades-conectadas","tag-pesquisa","tag-politica","tag-politico-digital","tag-redes-sociais"],"acf":[],"yoast_head":"<!-- This site is optimized with the Yoast SEO plugin v24.2 - https:\/\/yoast.com\/wordpress\/plugins\/seo\/ -->\n<title>Jo\u00e3o Doria n\u00e3o brilha sozinho nas redes sociais | Medialogue<\/title>\n<meta name=\"description\" content=\"A p\u00e1gina de Doria no Facebook cresceu rapidamente nos 100 primeiros dias. Mas \u00e9 importante lembrar que S\u00e3o Paulo tem quase 9 milh\u00f5es de eleitores.\" \/>\n<meta name=\"robots\" content=\"index, follow, max-snippet:-1, max-image-preview:large, max-video-preview:-1\" \/>\n<link rel=\"canonical\" href=\"https:\/\/medialogue.com.br\/novosite\/2017\/05\/joao-doria-no-facebook\/\" \/>\n<meta property=\"og:locale\" content=\"pt_BR\" \/>\n<meta property=\"og:type\" content=\"article\" \/>\n<meta property=\"og:title\" content=\"Jo\u00e3o Doria n\u00e3o brilha sozinho nas redes sociais | Medialogue\" \/>\n<meta property=\"og:description\" content=\"A p\u00e1gina de Doria no Facebook cresceu rapidamente nos 100 primeiros dias. Mas \u00e9 importante lembrar que S\u00e3o Paulo tem quase 9 milh\u00f5es de eleitores.\" \/>\n<meta property=\"og:url\" content=\"https:\/\/medialogue.com.br\/novosite\/2017\/05\/joao-doria-no-facebook\/\" \/>\n<meta property=\"og:site_name\" content=\"Medialogue\" \/>\n<meta property=\"article:publisher\" content=\"http:\/\/www.facebook.com\/Medialogue\" \/>\n<meta property=\"article:published_time\" content=\"2017-05-05T13:59:14+00:00\" \/>\n<meta property=\"article:modified_time\" content=\"2017-08-03T13:35:27+00:00\" \/>\n<meta property=\"og:image\" content=\"https:\/\/medialogue.com.br\/novosite\/wp-content\/uploads\/2017\/08\/doria-nao-brilha-sozinho.jpg\" \/>\n\t<meta property=\"og:image:width\" content=\"1800\" \/>\n\t<meta property=\"og:image:height\" content=\"1198\" \/>\n\t<meta property=\"og:image:type\" content=\"image\/jpeg\" \/>\n<meta name=\"author\" content=\"Medialogue Digital\" \/>\n<meta name=\"twitter:card\" content=\"summary_large_image\" \/>\n<meta name=\"twitter:creator\" content=\"@Medialoguebr\" \/>\n<meta name=\"twitter:site\" content=\"@Medialoguebr\" \/>\n<meta name=\"twitter:label1\" content=\"Escrito por\" \/>\n\t<meta name=\"twitter:data1\" content=\"Medialogue Digital\" \/>\n\t<meta name=\"twitter:label2\" content=\"Est. tempo de leitura\" \/>\n\t<meta name=\"twitter:data2\" content=\"4 minutos\" \/>\n<script type=\"application\/ld+json\" class=\"yoast-schema-graph\">{\"@context\":\"https:\/\/schema.org\",\"@graph\":[{\"@type\":\"Article\",\"@id\":\"https:\/\/medialogue.com.br\/novosite\/2017\/05\/joao-doria-no-facebook\/#article\",\"isPartOf\":{\"@id\":\"https:\/\/medialogue.com.br\/novosite\/2017\/05\/joao-doria-no-facebook\/\"},\"author\":{\"name\":\"Medialogue Digital\",\"@id\":\"https:\/\/medialogue.com.br\/novosite\/#\/schema\/person\/7328d9e55d7f3de1e142dff54a929665\"},\"headline\":\"Jo\u00e3o Doria n\u00e3o brilha sozinho nas redes sociais\",\"datePublished\":\"2017-05-05T13:59:14+00:00\",\"dateModified\":\"2017-08-03T13:35:27+00:00\",\"mainEntityOfPage\":{\"@id\":\"https:\/\/medialogue.com.br\/novosite\/2017\/05\/joao-doria-no-facebook\/\"},\"wordCount\":776,\"commentCount\":0,\"publisher\":{\"@id\":\"https:\/\/medialogue.com.br\/novosite\/#organization\"},\"image\":{\"@id\":\"https:\/\/medialogue.com.br\/novosite\/2017\/05\/joao-doria-no-facebook\/#primaryimage\"},\"thumbnailUrl\":\"https:\/\/medialogue.com.br\/novosite\/wp-content\/uploads\/2017\/08\/doria-nao-brilha-sozinho.jpg\",\"keywords\":[\"Alexandre Secco\",\"Cidades conectadas\",\"Pesquisa\",\"Pol\u00edtica\",\"Pol\u00edtico Digital\",\"Redes sociais\"],\"articleSection\":[\"Alexandre Secco\",\"Pesquisa\",\"Pol\u00edtica\",\"Pol\u00edtico Digital\",\"Redes sociais\",\"Reputa\u00e7\u00e3o digital\",\"Social Cities\"],\"inLanguage\":\"pt-BR\",\"potentialAction\":[{\"@type\":\"CommentAction\",\"name\":\"Comment\",\"target\":[\"https:\/\/medialogue.com.br\/novosite\/2017\/05\/joao-doria-no-facebook\/#respond\"]}]},{\"@type\":\"WebPage\",\"@id\":\"https:\/\/medialogue.com.br\/novosite\/2017\/05\/joao-doria-no-facebook\/\",\"url\":\"https:\/\/medialogue.com.br\/novosite\/2017\/05\/joao-doria-no-facebook\/\",\"name\":\"Jo\u00e3o Doria n\u00e3o brilha sozinho nas redes sociais | Medialogue\",\"isPartOf\":{\"@id\":\"https:\/\/medialogue.com.br\/novosite\/#website\"},\"primaryImageOfPage\":{\"@id\":\"https:\/\/medialogue.com.br\/novosite\/2017\/05\/joao-doria-no-facebook\/#primaryimage\"},\"image\":{\"@id\":\"https:\/\/medialogue.com.br\/novosite\/2017\/05\/joao-doria-no-facebook\/#primaryimage\"},\"thumbnailUrl\":\"https:\/\/medialogue.com.br\/novosite\/wp-content\/uploads\/2017\/08\/doria-nao-brilha-sozinho.jpg\",\"datePublished\":\"2017-05-05T13:59:14+00:00\",\"dateModified\":\"2017-08-03T13:35:27+00:00\",\"description\":\"A p\u00e1gina de Doria no Facebook cresceu rapidamente nos 100 primeiros dias. Mas \u00e9 importante lembrar que S\u00e3o Paulo tem quase 9 milh\u00f5es de eleitores.\",\"breadcrumb\":{\"@id\":\"https:\/\/medialogue.com.br\/novosite\/2017\/05\/joao-doria-no-facebook\/#breadcrumb\"},\"inLanguage\":\"pt-BR\",\"potentialAction\":[{\"@type\":\"ReadAction\",\"target\":[\"https:\/\/medialogue.com.br\/novosite\/2017\/05\/joao-doria-no-facebook\/\"]}]},{\"@type\":\"ImageObject\",\"inLanguage\":\"pt-BR\",\"@id\":\"https:\/\/medialogue.com.br\/novosite\/2017\/05\/joao-doria-no-facebook\/#primaryimage\",\"url\":\"https:\/\/medialogue.com.br\/novosite\/wp-content\/uploads\/2017\/08\/doria-nao-brilha-sozinho.jpg\",\"contentUrl\":\"https:\/\/medialogue.com.br\/novosite\/wp-content\/uploads\/2017\/08\/doria-nao-brilha-sozinho.jpg\",\"width\":1800,\"height\":1198},{\"@type\":\"BreadcrumbList\",\"@id\":\"https:\/\/medialogue.com.br\/novosite\/2017\/05\/joao-doria-no-facebook\/#breadcrumb\",\"itemListElement\":[{\"@type\":\"ListItem\",\"position\":1,\"name\":\"In\u00edcio\",\"item\":\"https:\/\/medialogue.com.br\/novosite\/\"},{\"@type\":\"ListItem\",\"position\":2,\"name\":\"Jo\u00e3o Doria n\u00e3o brilha sozinho nas redes sociais\"}]},{\"@type\":\"WebSite\",\"@id\":\"https:\/\/medialogue.com.br\/novosite\/#website\",\"url\":\"https:\/\/medialogue.com.br\/novosite\/\",\"name\":\"Medialogue\",\"description\":\"Comunica\u00e7\u00e3o digital\",\"publisher\":{\"@id\":\"https:\/\/medialogue.com.br\/novosite\/#organization\"},\"potentialAction\":[{\"@type\":\"SearchAction\",\"target\":{\"@type\":\"EntryPoint\",\"urlTemplate\":\"https:\/\/medialogue.com.br\/novosite\/?s={search_term_string}\"},\"query-input\":{\"@type\":\"PropertyValueSpecification\",\"valueRequired\":true,\"valueName\":\"search_term_string\"}}],\"inLanguage\":\"pt-BR\"},{\"@type\":\"Organization\",\"@id\":\"https:\/\/medialogue.com.br\/novosite\/#organization\",\"name\":\"Medialogue\",\"url\":\"https:\/\/medialogue.com.br\/novosite\/\",\"logo\":{\"@type\":\"ImageObject\",\"inLanguage\":\"pt-BR\",\"@id\":\"https:\/\/medialogue.com.br\/novosite\/#\/schema\/logo\/image\/\",\"url\":\"https:\/\/www.medialogue.com.br\/novosite\/wp-content\/uploads\/2015\/06\/medialogue_logo_fundopretoRGB_medio.jpg\",\"contentUrl\":\"https:\/\/www.medialogue.com.br\/novosite\/wp-content\/uploads\/2015\/06\/medialogue_logo_fundopretoRGB_medio.jpg\",\"width\":450,\"height\":88,\"caption\":\"Medialogue\"},\"image\":{\"@id\":\"https:\/\/medialogue.com.br\/novosite\/#\/schema\/logo\/image\/\"},\"sameAs\":[\"http:\/\/www.facebook.com\/Medialogue\",\"https:\/\/x.com\/Medialoguebr\",\"http:\/\/www.linkedin.com\/company\/medialogue\",\"https:\/\/www.youtube.com\/user\/Medialoguebr\"]},{\"@type\":\"Person\",\"@id\":\"https:\/\/medialogue.com.br\/novosite\/#\/schema\/person\/7328d9e55d7f3de1e142dff54a929665\",\"name\":\"Medialogue Digital\",\"image\":{\"@type\":\"ImageObject\",\"inLanguage\":\"pt-BR\",\"@id\":\"https:\/\/medialogue.com.br\/novosite\/#\/schema\/person\/image\/\",\"url\":\"https:\/\/secure.gravatar.com\/avatar\/b4a0174c84c2560b2d28411eba0a4d509090f5cfc201709cd093ea283208b561?s=96&d=mm&r=g\",\"contentUrl\":\"https:\/\/secure.gravatar.com\/avatar\/b4a0174c84c2560b2d28411eba0a4d509090f5cfc201709cd093ea283208b561?s=96&d=mm&r=g\",\"caption\":\"Medialogue Digital\"},\"url\":\"https:\/\/medialogue.com.br\/novosite\/author\/medialogue-digital\/\"}]}<\/script>\n<!-- \/ Yoast SEO plugin. -->","yoast_head_json":{"title":"Jo\u00e3o Doria n\u00e3o brilha sozinho nas redes sociais | Medialogue","description":"A p\u00e1gina de Doria no Facebook cresceu rapidamente nos 100 primeiros dias. Mas \u00e9 importante lembrar que S\u00e3o Paulo tem quase 9 milh\u00f5es de eleitores.","robots":{"index":"index","follow":"follow","max-snippet":"max-snippet:-1","max-image-preview":"max-image-preview:large","max-video-preview":"max-video-preview:-1"},"canonical":"https:\/\/medialogue.com.br\/novosite\/2017\/05\/joao-doria-no-facebook\/","og_locale":"pt_BR","og_type":"article","og_title":"Jo\u00e3o Doria n\u00e3o brilha sozinho nas redes sociais | Medialogue","og_description":"A p\u00e1gina de Doria no Facebook cresceu rapidamente nos 100 primeiros dias. Mas \u00e9 importante lembrar que S\u00e3o Paulo tem quase 9 milh\u00f5es de eleitores.","og_url":"https:\/\/medialogue.com.br\/novosite\/2017\/05\/joao-doria-no-facebook\/","og_site_name":"Medialogue","article_publisher":"http:\/\/www.facebook.com\/Medialogue","article_published_time":"2017-05-05T13:59:14+00:00","article_modified_time":"2017-08-03T13:35:27+00:00","og_image":[{"width":1800,"height":1198,"url":"https:\/\/medialogue.com.br\/novosite\/wp-content\/uploads\/2017\/08\/doria-nao-brilha-sozinho.jpg","type":"image\/jpeg"}],"author":"Medialogue Digital","twitter_card":"summary_large_image","twitter_creator":"@Medialoguebr","twitter_site":"@Medialoguebr","twitter_misc":{"Escrito por":"Medialogue Digital","Est. tempo de leitura":"4 minutos"},"schema":{"@context":"https:\/\/schema.org","@graph":[{"@type":"Article","@id":"https:\/\/medialogue.com.br\/novosite\/2017\/05\/joao-doria-no-facebook\/#article","isPartOf":{"@id":"https:\/\/medialogue.com.br\/novosite\/2017\/05\/joao-doria-no-facebook\/"},"author":{"name":"Medialogue Digital","@id":"https:\/\/medialogue.com.br\/novosite\/#\/schema\/person\/7328d9e55d7f3de1e142dff54a929665"},"headline":"Jo\u00e3o Doria n\u00e3o brilha sozinho nas redes sociais","datePublished":"2017-05-05T13:59:14+00:00","dateModified":"2017-08-03T13:35:27+00:00","mainEntityOfPage":{"@id":"https:\/\/medialogue.com.br\/novosite\/2017\/05\/joao-doria-no-facebook\/"},"wordCount":776,"commentCount":0,"publisher":{"@id":"https:\/\/medialogue.com.br\/novosite\/#organization"},"image":{"@id":"https:\/\/medialogue.com.br\/novosite\/2017\/05\/joao-doria-no-facebook\/#primaryimage"},"thumbnailUrl":"https:\/\/medialogue.com.br\/novosite\/wp-content\/uploads\/2017\/08\/doria-nao-brilha-sozinho.jpg","keywords":["Alexandre Secco","Cidades conectadas","Pesquisa","Pol\u00edtica","Pol\u00edtico Digital","Redes sociais"],"articleSection":["Alexandre Secco","Pesquisa","Pol\u00edtica","Pol\u00edtico Digital","Redes sociais","Reputa\u00e7\u00e3o digital","Social Cities"],"inLanguage":"pt-BR","potentialAction":[{"@type":"CommentAction","name":"Comment","target":["https:\/\/medialogue.com.br\/novosite\/2017\/05\/joao-doria-no-facebook\/#respond"]}]},{"@type":"WebPage","@id":"https:\/\/medialogue.com.br\/novosite\/2017\/05\/joao-doria-no-facebook\/","url":"https:\/\/medialogue.com.br\/novosite\/2017\/05\/joao-doria-no-facebook\/","name":"Jo\u00e3o Doria n\u00e3o brilha sozinho nas redes sociais | Medialogue","isPartOf":{"@id":"https:\/\/medialogue.com.br\/novosite\/#website"},"primaryImageOfPage":{"@id":"https:\/\/medialogue.com.br\/novosite\/2017\/05\/joao-doria-no-facebook\/#primaryimage"},"image":{"@id":"https:\/\/medialogue.com.br\/novosite\/2017\/05\/joao-doria-no-facebook\/#primaryimage"},"thumbnailUrl":"https:\/\/medialogue.com.br\/novosite\/wp-content\/uploads\/2017\/08\/doria-nao-brilha-sozinho.jpg","datePublished":"2017-05-05T13:59:14+00:00","dateModified":"2017-08-03T13:35:27+00:00","description":"A p\u00e1gina de Doria no Facebook cresceu rapidamente nos 100 primeiros dias. Mas \u00e9 importante lembrar que S\u00e3o Paulo tem quase 9 milh\u00f5es de eleitores.","breadcrumb":{"@id":"https:\/\/medialogue.com.br\/novosite\/2017\/05\/joao-doria-no-facebook\/#breadcrumb"},"inLanguage":"pt-BR","potentialAction":[{"@type":"ReadAction","target":["https:\/\/medialogue.com.br\/novosite\/2017\/05\/joao-doria-no-facebook\/"]}]},{"@type":"ImageObject","inLanguage":"pt-BR","@id":"https:\/\/medialogue.com.br\/novosite\/2017\/05\/joao-doria-no-facebook\/#primaryimage","url":"https:\/\/medialogue.com.br\/novosite\/wp-content\/uploads\/2017\/08\/doria-nao-brilha-sozinho.jpg","contentUrl":"https:\/\/medialogue.com.br\/novosite\/wp-content\/uploads\/2017\/08\/doria-nao-brilha-sozinho.jpg","width":1800,"height":1198},{"@type":"BreadcrumbList","@id":"https:\/\/medialogue.com.br\/novosite\/2017\/05\/joao-doria-no-facebook\/#breadcrumb","itemListElement":[{"@type":"ListItem","position":1,"name":"In\u00edcio","item":"https:\/\/medialogue.com.br\/novosite\/"},{"@type":"ListItem","position":2,"name":"Jo\u00e3o Doria n\u00e3o brilha sozinho nas redes sociais"}]},{"@type":"WebSite","@id":"https:\/\/medialogue.com.br\/novosite\/#website","url":"https:\/\/medialogue.com.br\/novosite\/","name":"Medialogue","description":"Comunica\u00e7\u00e3o digital","publisher":{"@id":"https:\/\/medialogue.com.br\/novosite\/#organization"},"potentialAction":[{"@type":"SearchAction","target":{"@type":"EntryPoint","urlTemplate":"https:\/\/medialogue.com.br\/novosite\/?s={search_term_string}"},"query-input":{"@type":"PropertyValueSpecification","valueRequired":true,"valueName":"search_term_string"}}],"inLanguage":"pt-BR"},{"@type":"Organization","@id":"https:\/\/medialogue.com.br\/novosite\/#organization","name":"Medialogue","url":"https:\/\/medialogue.com.br\/novosite\/","logo":{"@type":"ImageObject","inLanguage":"pt-BR","@id":"https:\/\/medialogue.com.br\/novosite\/#\/schema\/logo\/image\/","url":"https:\/\/www.medialogue.com.br\/novosite\/wp-content\/uploads\/2015\/06\/medialogue_logo_fundopretoRGB_medio.jpg","contentUrl":"https:\/\/www.medialogue.com.br\/novosite\/wp-content\/uploads\/2015\/06\/medialogue_logo_fundopretoRGB_medio.jpg","width":450,"height":88,"caption":"Medialogue"},"image":{"@id":"https:\/\/medialogue.com.br\/novosite\/#\/schema\/logo\/image\/"},"sameAs":["http:\/\/www.facebook.com\/Medialogue","https:\/\/x.com\/Medialoguebr","http:\/\/www.linkedin.com\/company\/medialogue","https:\/\/www.youtube.com\/user\/Medialoguebr"]},{"@type":"Person","@id":"https:\/\/medialogue.com.br\/novosite\/#\/schema\/person\/7328d9e55d7f3de1e142dff54a929665","name":"Medialogue Digital","image":{"@type":"ImageObject","inLanguage":"pt-BR","@id":"https:\/\/medialogue.com.br\/novosite\/#\/schema\/person\/image\/","url":"https:\/\/secure.gravatar.com\/avatar\/b4a0174c84c2560b2d28411eba0a4d509090f5cfc201709cd093ea283208b561?s=96&d=mm&r=g","contentUrl":"https:\/\/secure.gravatar.com\/avatar\/b4a0174c84c2560b2d28411eba0a4d509090f5cfc201709cd093ea283208b561?s=96&d=mm&r=g","caption":"Medialogue Digital"},"url":"https:\/\/medialogue.com.br\/novosite\/author\/medialogue-digital\/"}]}},"wps_subtitle":"Estudo da Medialogue mostra os prefeitos que t\u00eam os melhores indicadores no Facebook","amp_validity":null,"amp_enabled":true,"_links":{"self":[{"href":"https:\/\/medialogue.com.br\/novosite\/wp-json\/wp\/v2\/posts\/4155","targetHints":{"allow":["GET"]}}],"collection":[{"href":"https:\/\/medialogue.com.br\/novosite\/wp-json\/wp\/v2\/posts"}],"about":[{"href":"https:\/\/medialogue.com.br\/novosite\/wp-json\/wp\/v2\/types\/post"}],"author":[{"embeddable":true,"href":"https:\/\/medialogue.com.br\/novosite\/wp-json\/wp\/v2\/users\/13"}],"replies":[{"embeddable":true,"href":"https:\/\/medialogue.com.br\/novosite\/wp-json\/wp\/v2\/comments?post=4155"}],"version-history":[{"count":0,"href":"https:\/\/medialogue.com.br\/novosite\/wp-json\/wp\/v2\/posts\/4155\/revisions"}],"wp:featuredmedia":[{"embeddable":true,"href":"https:\/\/medialogue.com.br\/novosite\/wp-json\/wp\/v2\/media\/4294"}],"wp:attachment":[{"href":"https:\/\/medialogue.com.br\/novosite\/wp-json\/wp\/v2\/media?parent=4155"}],"wp:term":[{"taxonomy":"category","embeddable":true,"href":"https:\/\/medialogue.com.br\/novosite\/wp-json\/wp\/v2\/categories?post=4155"},{"taxonomy":"post_tag","embeddable":true,"href":"https:\/\/medialogue.com.br\/novosite\/wp-json\/wp\/v2\/tags?post=4155"}],"curies":[{"name":"wp","href":"https:\/\/api.w.org\/{rel}","templated":true}]}}