{"id":1770,"date":"2015-08-21T22:21:28","date_gmt":"2015-08-22T01:21:28","guid":{"rendered":"http:\/\/www.medialogue.com.br\/?p=1770"},"modified":"2017-06-08T20:37:15","modified_gmt":"2017-06-08T23:37:15","slug":"alexandre-secco-da-medialogue-participa-de-debate-na-digitalks","status":"publish","type":"post","link":"https:\/\/medialogue.com.br\/novosite\/2015\/08\/alexandre-secco-da-medialogue-participa-de-debate-na-digitalks\/","title":{"rendered":"Alexandre Secco da Medialogue participa de debate na Digitalks"},"content":{"rendered":"<p>Alexandre Secco, diretor\u00a0da MCD (Medialogue Comunica\u00e7\u00e3o Digital), vai participar do painel <em>Desafios e Regras do Marketing Digital Pol\u00edtico e Eleitoral <\/em>na pr\u00f3xima ter\u00e7a-feira (25\/08) \u00e0s 12h no\u00a0Expo F\u00f3rum de Marketing Digital 2015 da Digitalks.\u00a0Alexandre Rodrigues Atheniense, Gil Castillo, Maria Claudia Bacci e Flavio Hort tamb\u00e9m v\u00e3o participar da mesa, quer ser\u00e1 mediada por Alexandre <span class=\"il\">Gibotti, diretor executivo da ABRADi (Associa\u00e7\u00e3o Brasileira dos Agentes Digitais).<\/span><\/p>\n<p>&#8220;\u00c9 uma oportunidade para trocar ideias e debater como as recentes mudan\u00e7as nas regras de financiamento de campanha e as crises econ\u00f4mica e pol\u00edtica podem\u00a0afetar as disputas\u00a0eleitorais na web em 2016 e 2018&#8221;, diz Secco.<\/p>\n<p>O evento \u00e9 o\u00a0grande encontro dos profissionais digitais do Brasil e acontece nos dias 25 e 26 de agosto na sede da Fecom\u00e9rcio (R. Dr. Pl\u00ednio Barreto, 285, Bela Vista \u2013 S\u00e3o Paulo). O f\u00f3rum\u00a0contar\u00e1 com um Congresso Internacional, semin\u00e1rios tem\u00e1ticos, al\u00e9m do Pr\u00eamio Digitalks que homenageia os profissionais de destaque do mercado digital.<\/p>\n<p>Saiba mais no <a href=\"http:\/\/digitalks.com.br\/expo\/\" target=\"_blank\">site do evento<\/a>.<\/p>\n<dl id=\"attachment_1749\" class=\"wp-caption alignleft\" style=\"width: 105px;\">\n<dt class=\"wp-caption-dt\"><a href=\"https:\/\/www.medialogue.com.br\/novosite\/wp-content\/uploads\/2015\/08\/Alexandre-Secco.jpg\"><img loading=\"lazy\" decoding=\"async\" class=\" wp-image-1749\" src=\"https:\/\/www.medialogue.com.br\/novosite\/wp-content\/uploads\/2015\/08\/Alexandre-Secco.jpg\" alt=\"Alexandre Secco, especialista em marketing digital da Medialogue\" width=\"105\" height=\"158\" \/><\/a><\/dt>\n<dd class=\"wp-caption-dd\">\n<h6>Alexandre Secco, jornalista e diretor da MCD<\/h6>\n<\/dd>\n<\/dl>\n<p>&nbsp;<\/p>\n","protected":false},"excerpt":{"rendered":"<p>Alexandre Secco, diretor\u00a0da MCD (Medialogue Comunica\u00e7\u00e3o Digital), vai participar do painel Desafios e Regras do Marketing Digital Pol\u00edtico e Eleitoral na pr\u00f3xima ter\u00e7a-feira (25\/08) \u00e0s 12h no\u00a0Expo F\u00f3rum de Marketing Digital 2015 da Digitalks.\u00a0Alexandre Rodrigues Atheniense, Gil Castillo, Maria Claudia Bacci e Flavio Hort tamb\u00e9m v\u00e3o participar da mesa, quer ser\u00e1 mediada por Alexandre Gibotti, diretor executivo da ABRADi (Associa\u00e7\u00e3o Brasileira dos Agentes Digitais). &#8220;\u00c9 uma oportunidade para trocar ideias e debater como as recentes mudan\u00e7as nas regras de financiamento de campanha e as crises econ\u00f4mica e pol\u00edtica podem\u00a0afetar as disputas\u00a0eleitorais na web em 2016 e 2018&#8221;, diz Secco. O&#8230;<\/p>\n","protected":false},"author":13,"featured_media":0,"comment_status":"open","ping_status":"open","sticky":false,"template":"","format":"standard","meta":{"_acf_changed":false,"footnotes":""},"categories":[32,40,27,26],"tags":[16],"class_list":["post-1770","post","type-post","status-publish","format-standard","hentry","category-eleicao","category-medialogue-na-midia","category-politica","category-publicidade","tag-reputacao-digital"],"acf":[],"yoast_head":"<!-- This site is optimized with the Yoast SEO plugin v24.2 - https:\/\/yoast.com\/wordpress\/plugins\/seo\/ -->\n<title>Alexandre Secco da Medialogue na Digitalks | Medialogue<\/title>\n<meta name=\"description\" content=\"Alexandre Secco, diretor da MCD (Medialogue Comunica\u00e7\u00e3o Digital), participar de painel em evento da Digitalks na pr\u00f3xima ter\u00e7a-feira (25\/08) \u00e0s 12h.\" \/>\n<meta name=\"robots\" content=\"index, follow, max-snippet:-1, max-image-preview:large, max-video-preview:-1\" \/>\n<link rel=\"canonical\" href=\"https:\/\/medialogue.com.br\/novosite\/2015\/08\/alexandre-secco-da-medialogue-participa-de-debate-na-digitalks\/\" \/>\n<meta property=\"og:locale\" content=\"pt_BR\" \/>\n<meta property=\"og:type\" content=\"article\" \/>\n<meta property=\"og:title\" content=\"Alexandre Secco da Medialogue na Digitalks | Medialogue\" \/>\n<meta property=\"og:description\" content=\"Alexandre Secco, diretor da MCD (Medialogue Comunica\u00e7\u00e3o Digital), participar de painel em evento da Digitalks na pr\u00f3xima ter\u00e7a-feira (25\/08) \u00e0s 12h.\" \/>\n<meta property=\"og:url\" content=\"https:\/\/medialogue.com.br\/novosite\/2015\/08\/alexandre-secco-da-medialogue-participa-de-debate-na-digitalks\/\" \/>\n<meta property=\"og:site_name\" content=\"Medialogue\" \/>\n<meta property=\"article:publisher\" content=\"http:\/\/www.facebook.com\/Medialogue\" \/>\n<meta property=\"article:published_time\" content=\"2015-08-22T01:21:28+00:00\" \/>\n<meta property=\"article:modified_time\" content=\"2017-06-08T23:37:15+00:00\" \/>\n<meta property=\"og:image\" content=\"https:\/\/medialogue.com.br\/novosite\/wp-content\/uploads\/2015\/08\/Alexandre-Secco.jpg\" \/>\n\t<meta property=\"og:image:width\" content=\"265\" \/>\n\t<meta property=\"og:image:height\" content=\"398\" \/>\n\t<meta property=\"og:image:type\" content=\"image\/jpeg\" \/>\n<meta name=\"author\" content=\"Medialogue Digital\" \/>\n<meta name=\"twitter:card\" content=\"summary_large_image\" \/>\n<meta name=\"twitter:creator\" content=\"@Medialoguebr\" \/>\n<meta name=\"twitter:site\" content=\"@Medialoguebr\" \/>\n<meta name=\"twitter:label1\" content=\"Escrito por\" \/>\n\t<meta name=\"twitter:data1\" content=\"Medialogue Digital\" \/>\n\t<meta name=\"twitter:label2\" content=\"Est. tempo de leitura\" \/>\n\t<meta name=\"twitter:data2\" content=\"1 minuto\" \/>\n<script type=\"application\/ld+json\" class=\"yoast-schema-graph\">{\"@context\":\"https:\/\/schema.org\",\"@graph\":[{\"@type\":\"Article\",\"@id\":\"https:\/\/medialogue.com.br\/novosite\/2015\/08\/alexandre-secco-da-medialogue-participa-de-debate-na-digitalks\/#article\",\"isPartOf\":{\"@id\":\"https:\/\/medialogue.com.br\/novosite\/2015\/08\/alexandre-secco-da-medialogue-participa-de-debate-na-digitalks\/\"},\"author\":{\"name\":\"Medialogue Digital\",\"@id\":\"https:\/\/medialogue.com.br\/novosite\/#\/schema\/person\/7328d9e55d7f3de1e142dff54a929665\"},\"headline\":\"Alexandre Secco da Medialogue participa de debate na Digitalks\",\"datePublished\":\"2015-08-22T01:21:28+00:00\",\"dateModified\":\"2017-06-08T23:37:15+00:00\",\"mainEntityOfPage\":{\"@id\":\"https:\/\/medialogue.com.br\/novosite\/2015\/08\/alexandre-secco-da-medialogue-participa-de-debate-na-digitalks\/\"},\"wordCount\":192,\"commentCount\":0,\"publisher\":{\"@id\":\"https:\/\/medialogue.com.br\/novosite\/#organization\"},\"image\":{\"@id\":\"https:\/\/medialogue.com.br\/novosite\/2015\/08\/alexandre-secco-da-medialogue-participa-de-debate-na-digitalks\/#primaryimage\"},\"thumbnailUrl\":\"https:\/\/www.medialogue.com.br\/novosite\/wp-content\/uploads\/2015\/08\/Alexandre-Secco.jpg\",\"keywords\":[\"Reputa\u00e7\u00e3o Digital\"],\"articleSection\":[\"Elei\u00e7\u00e3o\",\"Medialogue na m\u00eddia\",\"Pol\u00edtica\",\"Publicidade\"],\"inLanguage\":\"pt-BR\",\"potentialAction\":[{\"@type\":\"CommentAction\",\"name\":\"Comment\",\"target\":[\"https:\/\/medialogue.com.br\/novosite\/2015\/08\/alexandre-secco-da-medialogue-participa-de-debate-na-digitalks\/#respond\"]}]},{\"@type\":\"WebPage\",\"@id\":\"https:\/\/medialogue.com.br\/novosite\/2015\/08\/alexandre-secco-da-medialogue-participa-de-debate-na-digitalks\/\",\"url\":\"https:\/\/medialogue.com.br\/novosite\/2015\/08\/alexandre-secco-da-medialogue-participa-de-debate-na-digitalks\/\",\"name\":\"Alexandre Secco da Medialogue na Digitalks | Medialogue\",\"isPartOf\":{\"@id\":\"https:\/\/medialogue.com.br\/novosite\/#website\"},\"primaryImageOfPage\":{\"@id\":\"https:\/\/medialogue.com.br\/novosite\/2015\/08\/alexandre-secco-da-medialogue-participa-de-debate-na-digitalks\/#primaryimage\"},\"image\":{\"@id\":\"https:\/\/medialogue.com.br\/novosite\/2015\/08\/alexandre-secco-da-medialogue-participa-de-debate-na-digitalks\/#primaryimage\"},\"thumbnailUrl\":\"https:\/\/www.medialogue.com.br\/novosite\/wp-content\/uploads\/2015\/08\/Alexandre-Secco.jpg\",\"datePublished\":\"2015-08-22T01:21:28+00:00\",\"dateModified\":\"2017-06-08T23:37:15+00:00\",\"description\":\"Alexandre Secco, diretor da MCD (Medialogue Comunica\u00e7\u00e3o Digital), participar de painel em evento da Digitalks na pr\u00f3xima ter\u00e7a-feira (25\/08) \u00e0s 12h.\",\"breadcrumb\":{\"@id\":\"https:\/\/medialogue.com.br\/novosite\/2015\/08\/alexandre-secco-da-medialogue-participa-de-debate-na-digitalks\/#breadcrumb\"},\"inLanguage\":\"pt-BR\",\"potentialAction\":[{\"@type\":\"ReadAction\",\"target\":[\"https:\/\/medialogue.com.br\/novosite\/2015\/08\/alexandre-secco-da-medialogue-participa-de-debate-na-digitalks\/\"]}]},{\"@type\":\"ImageObject\",\"inLanguage\":\"pt-BR\",\"@id\":\"https:\/\/medialogue.com.br\/novosite\/2015\/08\/alexandre-secco-da-medialogue-participa-de-debate-na-digitalks\/#primaryimage\",\"url\":\"https:\/\/www.medialogue.com.br\/novosite\/wp-content\/uploads\/2015\/08\/Alexandre-Secco.jpg\",\"contentUrl\":\"https:\/\/www.medialogue.com.br\/novosite\/wp-content\/uploads\/2015\/08\/Alexandre-Secco.jpg\"},{\"@type\":\"BreadcrumbList\",\"@id\":\"https:\/\/medialogue.com.br\/novosite\/2015\/08\/alexandre-secco-da-medialogue-participa-de-debate-na-digitalks\/#breadcrumb\",\"itemListElement\":[{\"@type\":\"ListItem\",\"position\":1,\"name\":\"In\u00edcio\",\"item\":\"https:\/\/medialogue.com.br\/novosite\/\"},{\"@type\":\"ListItem\",\"position\":2,\"name\":\"Alexandre Secco da Medialogue participa de debate na Digitalks\"}]},{\"@type\":\"WebSite\",\"@id\":\"https:\/\/medialogue.com.br\/novosite\/#website\",\"url\":\"https:\/\/medialogue.com.br\/novosite\/\",\"name\":\"Medialogue\",\"description\":\"Comunica\u00e7\u00e3o digital\",\"publisher\":{\"@id\":\"https:\/\/medialogue.com.br\/novosite\/#organization\"},\"potentialAction\":[{\"@type\":\"SearchAction\",\"target\":{\"@type\":\"EntryPoint\",\"urlTemplate\":\"https:\/\/medialogue.com.br\/novosite\/?s={search_term_string}\"},\"query-input\":{\"@type\":\"PropertyValueSpecification\",\"valueRequired\":true,\"valueName\":\"search_term_string\"}}],\"inLanguage\":\"pt-BR\"},{\"@type\":\"Organization\",\"@id\":\"https:\/\/medialogue.com.br\/novosite\/#organization\",\"name\":\"Medialogue\",\"url\":\"https:\/\/medialogue.com.br\/novosite\/\",\"logo\":{\"@type\":\"ImageObject\",\"inLanguage\":\"pt-BR\",\"@id\":\"https:\/\/medialogue.com.br\/novosite\/#\/schema\/logo\/image\/\",\"url\":\"https:\/\/www.medialogue.com.br\/novosite\/wp-content\/uploads\/2015\/06\/medialogue_logo_fundopretoRGB_medio.jpg\",\"contentUrl\":\"https:\/\/www.medialogue.com.br\/novosite\/wp-content\/uploads\/2015\/06\/medialogue_logo_fundopretoRGB_medio.jpg\",\"width\":450,\"height\":88,\"caption\":\"Medialogue\"},\"image\":{\"@id\":\"https:\/\/medialogue.com.br\/novosite\/#\/schema\/logo\/image\/\"},\"sameAs\":[\"http:\/\/www.facebook.com\/Medialogue\",\"https:\/\/x.com\/Medialoguebr\",\"http:\/\/www.linkedin.com\/company\/medialogue\",\"https:\/\/www.youtube.com\/user\/Medialoguebr\"]},{\"@type\":\"Person\",\"@id\":\"https:\/\/medialogue.com.br\/novosite\/#\/schema\/person\/7328d9e55d7f3de1e142dff54a929665\",\"name\":\"Medialogue Digital\",\"image\":{\"@type\":\"ImageObject\",\"inLanguage\":\"pt-BR\",\"@id\":\"https:\/\/medialogue.com.br\/novosite\/#\/schema\/person\/image\/\",\"url\":\"https:\/\/secure.gravatar.com\/avatar\/b4a0174c84c2560b2d28411eba0a4d509090f5cfc201709cd093ea283208b561?s=96&d=mm&r=g\",\"contentUrl\":\"https:\/\/secure.gravatar.com\/avatar\/b4a0174c84c2560b2d28411eba0a4d509090f5cfc201709cd093ea283208b561?s=96&d=mm&r=g\",\"caption\":\"Medialogue Digital\"},\"url\":\"https:\/\/medialogue.com.br\/novosite\/author\/medialogue-digital\/\"}]}<\/script>\n<!-- \/ Yoast SEO plugin. -->","yoast_head_json":{"title":"Alexandre Secco da Medialogue na Digitalks | Medialogue","description":"Alexandre Secco, diretor da MCD (Medialogue Comunica\u00e7\u00e3o Digital), participar de painel em evento da Digitalks na pr\u00f3xima ter\u00e7a-feira (25\/08) \u00e0s 12h.","robots":{"index":"index","follow":"follow","max-snippet":"max-snippet:-1","max-image-preview":"max-image-preview:large","max-video-preview":"max-video-preview:-1"},"canonical":"https:\/\/medialogue.com.br\/novosite\/2015\/08\/alexandre-secco-da-medialogue-participa-de-debate-na-digitalks\/","og_locale":"pt_BR","og_type":"article","og_title":"Alexandre Secco da Medialogue na Digitalks | Medialogue","og_description":"Alexandre Secco, diretor da MCD (Medialogue Comunica\u00e7\u00e3o Digital), participar de painel em evento da Digitalks na pr\u00f3xima ter\u00e7a-feira (25\/08) \u00e0s 12h.","og_url":"https:\/\/medialogue.com.br\/novosite\/2015\/08\/alexandre-secco-da-medialogue-participa-de-debate-na-digitalks\/","og_site_name":"Medialogue","article_publisher":"http:\/\/www.facebook.com\/Medialogue","article_published_time":"2015-08-22T01:21:28+00:00","article_modified_time":"2017-06-08T23:37:15+00:00","og_image":[{"width":265,"height":398,"url":"https:\/\/medialogue.com.br\/novosite\/wp-content\/uploads\/2015\/08\/Alexandre-Secco.jpg","type":"image\/jpeg"}],"author":"Medialogue Digital","twitter_card":"summary_large_image","twitter_creator":"@Medialoguebr","twitter_site":"@Medialoguebr","twitter_misc":{"Escrito por":"Medialogue Digital","Est. tempo de leitura":"1 minuto"},"schema":{"@context":"https:\/\/schema.org","@graph":[{"@type":"Article","@id":"https:\/\/medialogue.com.br\/novosite\/2015\/08\/alexandre-secco-da-medialogue-participa-de-debate-na-digitalks\/#article","isPartOf":{"@id":"https:\/\/medialogue.com.br\/novosite\/2015\/08\/alexandre-secco-da-medialogue-participa-de-debate-na-digitalks\/"},"author":{"name":"Medialogue Digital","@id":"https:\/\/medialogue.com.br\/novosite\/#\/schema\/person\/7328d9e55d7f3de1e142dff54a929665"},"headline":"Alexandre Secco da Medialogue participa de debate na Digitalks","datePublished":"2015-08-22T01:21:28+00:00","dateModified":"2017-06-08T23:37:15+00:00","mainEntityOfPage":{"@id":"https:\/\/medialogue.com.br\/novosite\/2015\/08\/alexandre-secco-da-medialogue-participa-de-debate-na-digitalks\/"},"wordCount":192,"commentCount":0,"publisher":{"@id":"https:\/\/medialogue.com.br\/novosite\/#organization"},"image":{"@id":"https:\/\/medialogue.com.br\/novosite\/2015\/08\/alexandre-secco-da-medialogue-participa-de-debate-na-digitalks\/#primaryimage"},"thumbnailUrl":"https:\/\/www.medialogue.com.br\/novosite\/wp-content\/uploads\/2015\/08\/Alexandre-Secco.jpg","keywords":["Reputa\u00e7\u00e3o Digital"],"articleSection":["Elei\u00e7\u00e3o","Medialogue na m\u00eddia","Pol\u00edtica","Publicidade"],"inLanguage":"pt-BR","potentialAction":[{"@type":"CommentAction","name":"Comment","target":["https:\/\/medialogue.com.br\/novosite\/2015\/08\/alexandre-secco-da-medialogue-participa-de-debate-na-digitalks\/#respond"]}]},{"@type":"WebPage","@id":"https:\/\/medialogue.com.br\/novosite\/2015\/08\/alexandre-secco-da-medialogue-participa-de-debate-na-digitalks\/","url":"https:\/\/medialogue.com.br\/novosite\/2015\/08\/alexandre-secco-da-medialogue-participa-de-debate-na-digitalks\/","name":"Alexandre Secco da Medialogue na Digitalks | Medialogue","isPartOf":{"@id":"https:\/\/medialogue.com.br\/novosite\/#website"},"primaryImageOfPage":{"@id":"https:\/\/medialogue.com.br\/novosite\/2015\/08\/alexandre-secco-da-medialogue-participa-de-debate-na-digitalks\/#primaryimage"},"image":{"@id":"https:\/\/medialogue.com.br\/novosite\/2015\/08\/alexandre-secco-da-medialogue-participa-de-debate-na-digitalks\/#primaryimage"},"thumbnailUrl":"https:\/\/www.medialogue.com.br\/novosite\/wp-content\/uploads\/2015\/08\/Alexandre-Secco.jpg","datePublished":"2015-08-22T01:21:28+00:00","dateModified":"2017-06-08T23:37:15+00:00","description":"Alexandre Secco, diretor da MCD (Medialogue Comunica\u00e7\u00e3o Digital), participar de painel em evento da Digitalks na pr\u00f3xima ter\u00e7a-feira (25\/08) \u00e0s 12h.","breadcrumb":{"@id":"https:\/\/medialogue.com.br\/novosite\/2015\/08\/alexandre-secco-da-medialogue-participa-de-debate-na-digitalks\/#breadcrumb"},"inLanguage":"pt-BR","potentialAction":[{"@type":"ReadAction","target":["https:\/\/medialogue.com.br\/novosite\/2015\/08\/alexandre-secco-da-medialogue-participa-de-debate-na-digitalks\/"]}]},{"@type":"ImageObject","inLanguage":"pt-BR","@id":"https:\/\/medialogue.com.br\/novosite\/2015\/08\/alexandre-secco-da-medialogue-participa-de-debate-na-digitalks\/#primaryimage","url":"https:\/\/www.medialogue.com.br\/novosite\/wp-content\/uploads\/2015\/08\/Alexandre-Secco.jpg","contentUrl":"https:\/\/www.medialogue.com.br\/novosite\/wp-content\/uploads\/2015\/08\/Alexandre-Secco.jpg"},{"@type":"BreadcrumbList","@id":"https:\/\/medialogue.com.br\/novosite\/2015\/08\/alexandre-secco-da-medialogue-participa-de-debate-na-digitalks\/#breadcrumb","itemListElement":[{"@type":"ListItem","position":1,"name":"In\u00edcio","item":"https:\/\/medialogue.com.br\/novosite\/"},{"@type":"ListItem","position":2,"name":"Alexandre Secco da Medialogue participa de debate na Digitalks"}]},{"@type":"WebSite","@id":"https:\/\/medialogue.com.br\/novosite\/#website","url":"https:\/\/medialogue.com.br\/novosite\/","name":"Medialogue","description":"Comunica\u00e7\u00e3o digital","publisher":{"@id":"https:\/\/medialogue.com.br\/novosite\/#organization"},"potentialAction":[{"@type":"SearchAction","target":{"@type":"EntryPoint","urlTemplate":"https:\/\/medialogue.com.br\/novosite\/?s={search_term_string}"},"query-input":{"@type":"PropertyValueSpecification","valueRequired":true,"valueName":"search_term_string"}}],"inLanguage":"pt-BR"},{"@type":"Organization","@id":"https:\/\/medialogue.com.br\/novosite\/#organization","name":"Medialogue","url":"https:\/\/medialogue.com.br\/novosite\/","logo":{"@type":"ImageObject","inLanguage":"pt-BR","@id":"https:\/\/medialogue.com.br\/novosite\/#\/schema\/logo\/image\/","url":"https:\/\/www.medialogue.com.br\/novosite\/wp-content\/uploads\/2015\/06\/medialogue_logo_fundopretoRGB_medio.jpg","contentUrl":"https:\/\/www.medialogue.com.br\/novosite\/wp-content\/uploads\/2015\/06\/medialogue_logo_fundopretoRGB_medio.jpg","width":450,"height":88,"caption":"Medialogue"},"image":{"@id":"https:\/\/medialogue.com.br\/novosite\/#\/schema\/logo\/image\/"},"sameAs":["http:\/\/www.facebook.com\/Medialogue","https:\/\/x.com\/Medialoguebr","http:\/\/www.linkedin.com\/company\/medialogue","https:\/\/www.youtube.com\/user\/Medialoguebr"]},{"@type":"Person","@id":"https:\/\/medialogue.com.br\/novosite\/#\/schema\/person\/7328d9e55d7f3de1e142dff54a929665","name":"Medialogue Digital","image":{"@type":"ImageObject","inLanguage":"pt-BR","@id":"https:\/\/medialogue.com.br\/novosite\/#\/schema\/person\/image\/","url":"https:\/\/secure.gravatar.com\/avatar\/b4a0174c84c2560b2d28411eba0a4d509090f5cfc201709cd093ea283208b561?s=96&d=mm&r=g","contentUrl":"https:\/\/secure.gravatar.com\/avatar\/b4a0174c84c2560b2d28411eba0a4d509090f5cfc201709cd093ea283208b561?s=96&d=mm&r=g","caption":"Medialogue Digital"},"url":"https:\/\/medialogue.com.br\/novosite\/author\/medialogue-digital\/"}]}},"wps_subtitle":"","amp_validity":null,"amp_enabled":true,"_links":{"self":[{"href":"https:\/\/medialogue.com.br\/novosite\/wp-json\/wp\/v2\/posts\/1770","targetHints":{"allow":["GET"]}}],"collection":[{"href":"https:\/\/medialogue.com.br\/novosite\/wp-json\/wp\/v2\/posts"}],"about":[{"href":"https:\/\/medialogue.com.br\/novosite\/wp-json\/wp\/v2\/types\/post"}],"author":[{"embeddable":true,"href":"https:\/\/medialogue.com.br\/novosite\/wp-json\/wp\/v2\/users\/13"}],"replies":[{"embeddable":true,"href":"https:\/\/medialogue.com.br\/novosite\/wp-json\/wp\/v2\/comments?post=1770"}],"version-history":[{"count":0,"href":"https:\/\/medialogue.com.br\/novosite\/wp-json\/wp\/v2\/posts\/1770\/revisions"}],"wp:attachment":[{"href":"https:\/\/medialogue.com.br\/novosite\/wp-json\/wp\/v2\/media?parent=1770"}],"wp:term":[{"taxonomy":"category","embeddable":true,"href":"https:\/\/medialogue.com.br\/novosite\/wp-json\/wp\/v2\/categories?post=1770"},{"taxonomy":"post_tag","embeddable":true,"href":"https:\/\/medialogue.com.br\/novosite\/wp-json\/wp\/v2\/tags?post=1770"}],"curies":[{"name":"wp","href":"https:\/\/api.w.org\/{rel}","templated":true}]}}